{"id":33599,"date":"2025-11-12T02:28:47","date_gmt":"2025-11-12T02:28:47","guid":{"rendered":"https:\/\/icoinformativo.mx\/home\/?p=33599"},"modified":"2025-11-12T02:28:47","modified_gmt":"2025-11-12T02:28:47","slug":"cecyt-07-tapilula-inaugura-la-filij-43-con-actividades-de-fomento-a-la-lectura","status":"publish","type":"post","link":"https:\/\/icoinformativo.mx\/home\/?p=33599","title":{"rendered":"CECyT 07 Tapilula inaugura la FILIJ 43 con actividades de fomento a la lectura"},"content":{"rendered":"<p>&nbsp;<\/p>\n<p>Con la participaci\u00f3n de estudiantes, se dio inicio a la 43\u00aa Feria Internacional del Libro Infantil y Juvenil, mediante una jornada dedicada a promover el gusto por la lectura y la expresi\u00f3n literaria juvenil<\/p>\n<p>&nbsp;<\/p>\n<p>Tapilula, Chiapas.- Con el prop\u00f3sito de fomentar el gusto por la lectura y celebrar el poder transformador de los libros, el Colegio de Estudios Cient\u00edficos y Tecnol\u00f3gicos del Estado de Chiapas (Cecytech) Plantel 07 Tapilula, llev\u00f3 a cabo la inauguraci\u00f3n de la 43\u00aa Feria Internacional del Libro Infantil y Juvenil (FILIJ), mediante una actividad especial en la que se encendieron los micr\u00f3fonos para escuchar las obras literarias favoritas de las y los estudiantes.<\/p>\n<p>&nbsp;<\/p>\n<p>Al respecto, el director del plantel, Hugo Ad\u00e1n Robles Romero, expres\u00f3 que la lectura constituye una herramienta esencial para el desarrollo integral de la juventud chiapaneca, al fortalecer su imaginaci\u00f3n, pensamiento cr\u00edtico y sensibilidad social, principios que el Cecytech impulsa como parte de su modelo educativo humanista.<\/p>\n<p>&nbsp;<\/p>\n<p>Indic\u00f3 que este tipo de actividades representan una oportunidad para que la comunidad educativa reflexione sobre la importancia del conocimiento, la cultura y el arte en la formaci\u00f3n de ciudadanos comprometidos con su entorno, adem\u00e1s de rendir homenaje al libro como s\u00edmbolo de libertad, identidad y aprendizaje permanente.<\/p>\n<p>&nbsp;<\/p>\n<p>Resalt\u00f3 el compromiso de la comunidad estudiantil al participar con entusiasmo en esta jornada cultural, destacando que las y los j\u00f3venes son los principales promotores del cambio social a trav\u00e9s del pensamiento cr\u00edtico y la creatividad, virtudes que se cultivan mediante la lectura.<\/p>\n<p>&nbsp;<\/p>\n<p>En este sentido, agradeci\u00f3 a la Direcci\u00f3n General del Cecytech, a cargo del Luis Guadalupe Morales \u00c1ngeles, por impulsar actividades que fortalecen la educaci\u00f3n integral y promueven la formaci\u00f3n de lectores activos y conscientes, capaces de transformar su realidad a trav\u00e9s del conocimiento.<\/p>\n<p>&nbsp;<\/p>\n<p>Finalmente, Robles Romero subray\u00f3 que la realizaci\u00f3n de la FILIJ 43 en el plantel, refleja el compromiso institucional con la promoci\u00f3n de la cultura y la educaci\u00f3n en Chiapas, reafirmando que los libros son, en palabras de la cita le\u00edda durante la inauguraci\u00f3n, \u201carmas poderosas, no s\u00f3lo contra la ignorancia, sino tambi\u00e9n contra la soledad y los d\u00edas demasiado largos\u201d, recordando que leer es una forma de libertad y crecimiento personal.<\/p>\n","protected":false},"excerpt":{"rendered":"<p>&nbsp; Con la participaci\u00f3n de estudiantes, se dio inicio a la 43\u00aa Feria Internacional del&#8230;<\/p>\n","protected":false},"author":2,"featured_media":33600,"comment_status":"closed","ping_status":"closed","sticky":false,"template":"","format":"standard","meta":{"_joinchat":[],"footnotes":""},"categories":[18,1,2,3],"tags":[],"class_list":["post-33599","post","type-post","status-publish","format-standard","has-post-thumbnail","hentry","category-almomento","category-boletin","category-estado","category-health"],"_links":{"self":[{"href":"https:\/\/icoinformativo.mx\/home\/index.php?rest_route=\/wp\/v2\/posts\/33599","targetHints":{"allow":["GET"]}}],"collection":[{"href":"https:\/\/icoinformativo.mx\/home\/index.php?rest_route=\/wp\/v2\/posts"}],"about":[{"href":"https:\/\/icoinformativo.mx\/home\/index.php?rest_route=\/wp\/v2\/types\/post"}],"author":[{"embeddable":true,"href":"https:\/\/icoinformativo.mx\/home\/index.php?rest_route=\/wp\/v2\/users\/2"}],"replies":[{"embeddable":true,"href":"https:\/\/icoinformativo.mx\/home\/index.php?rest_route=%2Fwp%2Fv2%2Fcomments&post=33599"}],"version-history":[{"count":1,"href":"https:\/\/icoinformativo.mx\/home\/index.php?rest_route=\/wp\/v2\/posts\/33599\/revisions"}],"predecessor-version":[{"id":33601,"href":"https:\/\/icoinformativo.mx\/home\/index.php?rest_route=\/wp\/v2\/posts\/33599\/revisions\/33601"}],"wp:featuredmedia":[{"embeddable":true,"href":"https:\/\/icoinformativo.mx\/home\/index.php?rest_route=\/wp\/v2\/media\/33600"}],"wp:attachment":[{"href":"https:\/\/icoinformativo.mx\/home\/index.php?rest_route=%2Fwp%2Fv2%2Fmedia&parent=33599"}],"wp:term":[{"taxonomy":"category","embeddable":true,"href":"https:\/\/icoinformativo.mx\/home\/index.php?rest_route=%2Fwp%2Fv2%2Fcategories&post=33599"},{"taxonomy":"post_tag","embeddable":true,"href":"https:\/\/icoinformativo.mx\/home\/index.php?rest_route=%2Fwp%2Fv2%2Ftags&post=33599"}],"curies":[{"name":"wp","href":"https:\/\/api.w.org\/{rel}","templated":true}]}}