{"id":33596,"date":"2025-11-12T02:23:01","date_gmt":"2025-11-12T02:23:01","guid":{"rendered":"https:\/\/icoinformativo.mx\/home\/?p=33596"},"modified":"2025-11-12T02:23:01","modified_gmt":"2025-11-12T02:23:01","slug":"estamos-haciendo-las-cosas-bien-oscar-alberto-aparicio-avendano","status":"publish","type":"post","link":"https:\/\/icoinformativo.mx\/home\/?p=33596","title":{"rendered":"\u201cEstamos haciendo las cosas bien\u201d: \u00d3scar Alberto Aparicio Avenda\u00f1o"},"content":{"rendered":"<p>&nbsp;<\/p>\n<p>&nbsp;<\/p>\n<p>Secretario de Seguridad del Pueblo sostiene reuni\u00f3n de trabajo con mandos operativos de la SSP; el director de la AIIM y el secretario de Seguridad P\u00fablica Municipal<\/p>\n<p>&nbsp;<\/p>\n<p>Tuxtla Guti\u00e9rrez, Chiapas; 11 de noviembre de 2025.- Con el objetivo de continuar fortaleciendo la supervisi\u00f3n y las estrategias de seguridad en la entidad, el secretario de Seguridad del Pueblo, \u00d3scar Alberto Aparicio Avenda\u00f1o, junto a mandos operativos de la Secretar\u00eda de Seguridad del Pueblo (SSP); del director de la Agencia de Investigaci\u00f3n e Inteligencia Ministerial (AIIM) de la Fiscal\u00eda General del Estado (FGE), Eber Quintero Ju\u00e1rez y el secretario de Seguridad P\u00fablica de Tuxtla Guti\u00e9rrez, David P\u00e9rez Hern\u00e1ndez, sostuvieron una reuni\u00f3n de trabajo.<\/p>\n<p>&nbsp;<\/p>\n<p>A fin de garantizar un entorno seguro para las familias chiapanecas, se priorizan las estrategias de seguridad que ser\u00e1n implementadas durante la Feria Chiapas 2025. En este sentido, el secretario de Seguridad del Pueblo destac\u00f3 la importancia de evaluar constantemente los resultados en materia de seguridad, mediante estrategias coordinadas con los tres \u00f3rdenes de gobierno y el reforzamiento de la proximidad social.<\/p>\n<p>&nbsp;<\/p>\n<p>Durante la reuni\u00f3n de evaluaci\u00f3n, se subray\u00f3 la necesidad de fortalecer la vigilancia tanto v\u00eda terrestre como a\u00e9rea, ante la alta afluencia que se prev\u00e9 durante el evento. En este sentido, se implementar\u00e1n detectores de metal, c\u00e1maras de videovigilancia del C5, la participaci\u00f3n de la Unidad Canina y una Unidad Kanan, que apoyar\u00e1n en tareas de detecci\u00f3n y vigilancia especializada, adem\u00e1s de una estrecha coordinaci\u00f3n con el presidente del Patronato de la Feria Chiapas, Gerardo Toledo Couti\u00f1o, con el prop\u00f3sito de optimizar los filtros de seguridad y prevenir cualquier situaci\u00f3n de riesgo.<\/p>\n<p>&nbsp;<\/p>\n<p>Asimismo, se anunci\u00f3 la presencia de la Subsecretar\u00eda de Inteligencia e Investigaci\u00f3n, cuya labor ser\u00e1 contribuir a que se obtenga saldo blanco al t\u00e9rmino de las festividades. Se recalc\u00f3 que el uso obligatorio de las bodycams que utilizan los elementos de la Fuerza de Reacci\u00f3n Inmediata Pakal (FRIP) en todos los operativos, como parte del compromiso institucional con la transparencia y la rendici\u00f3n de cuentas.<\/p>\n<p>&nbsp;<\/p>\n<p>El titular de la Secretar\u00eda de Seguridad del Pueblo (SSP) destac\u00f3 que se eval\u00faa por resultados impulsando la mejora continua de las estrategias operativas. De igual forma, reiter\u00f3 que el personal de seguridad debe mantener una actitud emp\u00e1tica y cercana con la poblaci\u00f3n, reforzando as\u00ed la confianza ciudadana. \u201cEl cambio se ha visto en estos 11 meses de trabajo; debemos sentirnos orgullosos y satisfechos de que estamos haciendo las cosas bien\u201d, destac\u00f3.<\/p>\n<p>&nbsp;<\/p>\n<p>Reconoci\u00f3 la voluntad pol\u00edtica del gobernador del estado, Eduardo Ram\u00edrez Aguilar, cuyo liderazgo ha sido fundamental para fortalecer la seguridad p\u00fablica y el trabajo coordinado, exhortando a seguir su ejemplo en el trabajo de todos los d\u00edas.<\/p>\n<p>&nbsp;<\/p>\n<p>Finalmente, se anunci\u00f3 que el martes 2 de diciembre se llevar\u00e1 a cabo la tradicional prendida del \u00e1rbol de la SSP, evento en el que se recolectar\u00e1n regalos para las y los hijos del personal operativo y para las infancias de diversos hospitales, reafirmando el compromiso social de la instituci\u00f3n.<\/p>\n<p>&nbsp;<\/p>\n<p>Con estas acciones, la SSP refrenda su compromiso de trabajar coordinadamente, evaluar resultados y mantener un Chiapas m\u00e1s seguro para todas y todos en esta Nueva ERA.<\/p>\n","protected":false},"excerpt":{"rendered":"<p>&nbsp; &nbsp; Secretario de Seguridad del Pueblo sostiene reuni\u00f3n de trabajo con mandos operativos de&#8230;<\/p>\n","protected":false},"author":2,"featured_media":33597,"comment_status":"closed","ping_status":"closed","sticky":false,"template":"","format":"standard","meta":{"_joinchat":[],"footnotes":""},"categories":[18,1,2,3],"tags":[],"class_list":["post-33596","post","type-post","status-publish","format-standard","has-post-thumbnail","hentry","category-almomento","category-boletin","category-estado","category-health"],"_links":{"self":[{"href":"https:\/\/icoinformativo.mx\/home\/index.php?rest_route=\/wp\/v2\/posts\/33596","targetHints":{"allow":["GET"]}}],"collection":[{"href":"https:\/\/icoinformativo.mx\/home\/index.php?rest_route=\/wp\/v2\/posts"}],"about":[{"href":"https:\/\/icoinformativo.mx\/home\/index.php?rest_route=\/wp\/v2\/types\/post"}],"author":[{"embeddable":true,"href":"https:\/\/icoinformativo.mx\/home\/index.php?rest_route=\/wp\/v2\/users\/2"}],"replies":[{"embeddable":true,"href":"https:\/\/icoinformativo.mx\/home\/index.php?rest_route=%2Fwp%2Fv2%2Fcomments&post=33596"}],"version-history":[{"count":1,"href":"https:\/\/icoinformativo.mx\/home\/index.php?rest_route=\/wp\/v2\/posts\/33596\/revisions"}],"predecessor-version":[{"id":33598,"href":"https:\/\/icoinformativo.mx\/home\/index.php?rest_route=\/wp\/v2\/posts\/33596\/revisions\/33598"}],"wp:featuredmedia":[{"embeddable":true,"href":"https:\/\/icoinformativo.mx\/home\/index.php?rest_route=\/wp\/v2\/media\/33597"}],"wp:attachment":[{"href":"https:\/\/icoinformativo.mx\/home\/index.php?rest_route=%2Fwp%2Fv2%2Fmedia&parent=33596"}],"wp:term":[{"taxonomy":"category","embeddable":true,"href":"https:\/\/icoinformativo.mx\/home\/index.php?rest_route=%2Fwp%2Fv2%2Fcategories&post=33596"},{"taxonomy":"post_tag","embeddable":true,"href":"https:\/\/icoinformativo.mx\/home\/index.php?rest_route=%2Fwp%2Fv2%2Ftags&post=33596"}],"curies":[{"name":"wp","href":"https:\/\/api.w.org\/{rel}","templated":true}]}}