{"id":33593,"date":"2025-11-12T02:17:28","date_gmt":"2025-11-12T02:17:28","guid":{"rendered":"https:\/\/icoinformativo.mx\/home\/?p=33593"},"modified":"2025-11-12T02:17:28","modified_gmt":"2025-11-12T02:17:28","slug":"coneculta-realiza-la-inauguracion-y-premiacion-del-salon-de-la-plastica-chiapaneca-2025","status":"publish","type":"post","link":"https:\/\/icoinformativo.mx\/home\/?p=33593","title":{"rendered":"Coneculta realiza la inauguraci\u00f3n y premiaci\u00f3n del Sal\u00f3n de la Pl\u00e1stica Chiapaneca 2025"},"content":{"rendered":"<p>&nbsp;<\/p>\n<p>Se otorgaron tres premios de adquisici\u00f3n y dos menciones honor\u00edficas de adquisici\u00f3n en las disciplinas de pintura, grabado y escultura<\/p>\n<p>&nbsp;<\/p>\n<p>Tuxtla Guti\u00e9rrez, Chiapas.\u2013 En el Auditorio General y en la Galer\u00eda de Arte Contempor\u00e1neo del Centro Cultural de Chiapas \u201cJaime Sabines\u201d, se llev\u00f3 a cabo la premiaci\u00f3n e inauguraci\u00f3n del Sal\u00f3n de la Pl\u00e1stica Chiapaneca 2025, destacando la producci\u00f3n art\u00edstica en las disciplinas de pintura, grabado y escultura, las cuales reflejan la vitalidad del arte contempor\u00e1neo en la entidad.<\/p>\n<p>&nbsp;<\/p>\n<p>Respaldado por la Secretar\u00eda de Cultura mediante el Programa de Apoyo a Instituciones Estatales de Cultura (AIEC) 2025, en coordinaci\u00f3n con el Gobierno del Estado de Chiapas a trav\u00e9s del Consejo Estatal para las Culturas y las Artes (Coneculta), reconoci\u00f3 la innovaci\u00f3n de 45 artistas \u201425 mujeres y 20 hombres\u2014 cuyas obras fueron seleccionadas entre 137 piezas inscritas por 90 participantes.<\/p>\n<p>&nbsp;<\/p>\n<p>El Comit\u00e9 Dictaminador, conformado por Patricia Mota Bravo, Roberto Culebro Ch\u00e1vez (Toshiro) y Ramiro Jim\u00e9nez Chac\u00f3n, entreg\u00f3 premios de adquisici\u00f3n de 25 mil pesos a Geener S. P\u00e9rez P\u00e9rez por \u201cD\u00e9jame sentir tu ausencia\u201d, en la categor\u00eda de Pintura; a \u00d3scar Alejandro D\u00edaz P\u00e9rez (Cloroformo) por \u201cEl peso del cuerpo\u201d, en la categor\u00eda de Grabado; y a F\u00e1tima Bel\u00e9n Jim\u00e9nez Guzm\u00e1n por \u201cVestigios\u201d, en la categor\u00eda de Escultura.<\/p>\n<p>&nbsp;<\/p>\n<p>Se concedieron dos menciones honor\u00edficas de adquisici\u00f3n, cada una con un valor de 11 mil pesos a \u201cYo tan de ellos, y ellos tan de m\u00ed\u201d, de Abril Mart\u00ednez, en la categor\u00eda de Pintura; y \u201cCiudad Megalodonte \/ Resistiendo en aguas turbias\u201d, de Carlos Alberto Jim\u00e9nez Ico, en la categor\u00eda de Grabado.<\/p>\n<p>&nbsp;<\/p>\n<p>Adem\u00e1s de 10 menciones honor\u00edficas que comparten el mismo valor est\u00e9tico, simb\u00f3lico y cultural a Ana Gabriela Ferral P\u00e9rez, Eduard V\u00e1zquez Hern\u00e1ndez (Kishato), Manuel Alejandro Santiago Reyes, Andr\u00e9s Hern\u00e1ndez Dom\u00ednguez, Deidy Yosed Vicente Casta\u00f1\u00f3n, Ismael M\u00e9ndez G\u00f3mez, Alma Yoseny L\u00f3pez V\u00e1zquez, Edwin Gamaliel Vel\u00e1zquez L\u00f3pez, Braian Mauricio Meraz Balc\u00e1zar y Mar\u00eda de la Luz Arias Parada.<\/p>\n<p>&nbsp;<\/p>\n<p>\u201cSe dictaminaron las obras ganadoras tomando en consideraci\u00f3n los razonamientos conceptuales, el sentido de la composici\u00f3n art\u00edstica, el manejo t\u00e9cnico, la factura, la creatividad, la originalidad y la expresividad contenida en las propuestas art\u00edsticas, interpretadas dentro de las m\u00faltiples posibilidades del arte actual\u201d, dijo Patricia Mota en representaci\u00f3n del Comit\u00e9.<\/p>\n<p>&nbsp;<\/p>\n<p>La especialista destac\u00f3 un incremento del 34 por ciento en la participaci\u00f3n con respecto al a\u00f1o pasado, con mayor presencia de artistas sin formaci\u00f3n acad\u00e9mica, de mujeres creadoras y de personas provenientes de pueblos originarios.<\/p>\n<p>&nbsp;<\/p>\n<p>\u201cEn Chiapas el arte no se limita al folclorismo ni a la mera exaltaci\u00f3n crom\u00e1tica, sino que busca nuevas formas de expresi\u00f3n simb\u00f3lica, conceptual y experimental\u201d, mencion\u00f3. Por otra parte, manifest\u00f3 preocupaci\u00f3n por la baja participaci\u00f3n en la disciplina de escultura, en comparaci\u00f3n con las disciplinas de pintura y grabado, situaci\u00f3n que refleja una tendencia global.<\/p>\n<p>&nbsp;<\/p>\n<p>Por su parte, Ang\u00e9lica Altuzar Constantino, directora general del Coneculta, celebr\u00f3 el papel del arte como fuerza transformadora y agradeci\u00f3 el compromiso de las y los creadores con la cultura viva del estado.<\/p>\n<p>\u201cEl Sal\u00f3n de la Pl\u00e1stica Chiapaneca representa una oportunidad para conocer el pulso creativo pl\u00e1stico de artistas j\u00f3venes, y una gran ocasi\u00f3n para poder ver piezas que siguen el discurso cl\u00e1sico del arte y aquellas que tienen propuestas novedosas y experimentales\u201d.<\/p>\n<p>&nbsp;<\/p>\n<p>Agreg\u00f3 que esta muestra visual revela los diversos discursos que est\u00e1n construyendo, \u201cel arte pl\u00e1stico est\u00e1 vivo para decirnos y para reflejarnos con voces diversas con una identidad y una profunda ra\u00edz, pero siempre mirando el presente y futuro\u201d.<\/p>\n<p>&nbsp;<\/p>\n<p>En su intervenci\u00f3n, Roberto Ramos Maza, director de Patrimonio e Investigaci\u00f3n Cultural del Coneculta, sostuvo que el Sal\u00f3n de la Pl\u00e1stica Chiapaneca se concibe como una plataforma de descubrimiento, de impulso y de visibilidad de talentos emergentes. Adem\u00e1s, de fortalecer el acervo pl\u00e1stico del estado mediante la adquisici\u00f3n de piezas que se incorporan al patrimonio que el Coneculta custodia y pone a disposici\u00f3n de la poblaci\u00f3n chiapaneca.<\/p>\n<p>&nbsp;<\/p>\n<p>Al evento acudieron autoridades culturales, legislativas y municipales, como la presidenta del Congreso del Estado de Chiapas, diputada Alejandra G\u00f3mez Mendoza; la directora del Instituto Tuxtleco de Arte y Cultura (ITAC), Gabriela Abarca Flores, en representaci\u00f3n de \u00c1ngel Torres, presidente municipal de Tuxtla Guti\u00e9rrez; Andr\u00e9s Brizuela Casimir, director del Museo Regional de Chiapas; y Cicer\u00f3n Aguilar, coordinador de Ense\u00f1anza y Fomento Art\u00edstico del Coneculta.<\/p>\n","protected":false},"excerpt":{"rendered":"<p>&nbsp; Se otorgaron tres premios de adquisici\u00f3n y dos menciones honor\u00edficas de adquisici\u00f3n en las&#8230;<\/p>\n","protected":false},"author":2,"featured_media":33594,"comment_status":"closed","ping_status":"closed","sticky":false,"template":"","format":"standard","meta":{"_joinchat":[],"footnotes":""},"categories":[18,1,2,3],"tags":[],"class_list":["post-33593","post","type-post","status-publish","format-standard","has-post-thumbnail","hentry","category-almomento","category-boletin","category-estado","category-health"],"_links":{"self":[{"href":"https:\/\/icoinformativo.mx\/home\/index.php?rest_route=\/wp\/v2\/posts\/33593","targetHints":{"allow":["GET"]}}],"collection":[{"href":"https:\/\/icoinformativo.mx\/home\/index.php?rest_route=\/wp\/v2\/posts"}],"about":[{"href":"https:\/\/icoinformativo.mx\/home\/index.php?rest_route=\/wp\/v2\/types\/post"}],"author":[{"embeddable":true,"href":"https:\/\/icoinformativo.mx\/home\/index.php?rest_route=\/wp\/v2\/users\/2"}],"replies":[{"embeddable":true,"href":"https:\/\/icoinformativo.mx\/home\/index.php?rest_route=%2Fwp%2Fv2%2Fcomments&post=33593"}],"version-history":[{"count":1,"href":"https:\/\/icoinformativo.mx\/home\/index.php?rest_route=\/wp\/v2\/posts\/33593\/revisions"}],"predecessor-version":[{"id":33595,"href":"https:\/\/icoinformativo.mx\/home\/index.php?rest_route=\/wp\/v2\/posts\/33593\/revisions\/33595"}],"wp:featuredmedia":[{"embeddable":true,"href":"https:\/\/icoinformativo.mx\/home\/index.php?rest_route=\/wp\/v2\/media\/33594"}],"wp:attachment":[{"href":"https:\/\/icoinformativo.mx\/home\/index.php?rest_route=%2Fwp%2Fv2%2Fmedia&parent=33593"}],"wp:term":[{"taxonomy":"category","embeddable":true,"href":"https:\/\/icoinformativo.mx\/home\/index.php?rest_route=%2Fwp%2Fv2%2Fcategories&post=33593"},{"taxonomy":"post_tag","embeddable":true,"href":"https:\/\/icoinformativo.mx\/home\/index.php?rest_route=%2Fwp%2Fv2%2Ftags&post=33593"}],"curies":[{"name":"wp","href":"https:\/\/api.w.org\/{rel}","templated":true}]}}