{"id":33584,"date":"2025-11-11T02:04:54","date_gmt":"2025-11-11T02:04:54","guid":{"rendered":"https:\/\/icoinformativo.mx\/home\/?p=33584"},"modified":"2025-11-11T02:04:54","modified_gmt":"2025-11-11T02:04:54","slug":"directora-del-cobach-llama-a-trabajar-con-etica-y-responsabilidad","status":"publish","type":"post","link":"https:\/\/icoinformativo.mx\/home\/?p=33584","title":{"rendered":"Directora del Cobach llama a trabajar con \u00e9tica y responsabilidad"},"content":{"rendered":"<p>este lunes la ceremonia de honores a la bandera en el plantel 13 Tuxtla Oriente<\/p>\n<p>Tuxtla Guti\u00e9rrez, Chiapas; 10 de noviembre de 2025.- Con el respaldo de autoridades estatales y junto a la comunidad estudiantil, personal docente y administrativo de planteles, coordinaciones de zona y oficinas centrales, la directora general del Colegio de Bachilleres de Chiapas (Cobach), Viridiana Figueroa Garc\u00eda, encabez\u00f3 este lunes la ceremonia de honores a la bandera, donde reiter\u00f3 el compromiso institucional de trabajar en esta Nueva ERA educativa con transparencia, honestidad y sentido de compromiso, bajo la directriz del gobernador Eduardo Ram\u00edrez Aguilar.<\/p>\n<p>\u201cEn el Cobach trabajamos con transparencia, enfocados en consolidar un modelo educativo incluyente, humanista y cercano a la gente, pero tambi\u00e9n fortaleciendo cada acci\u00f3n con responsabilidad y sentido \u00e9tico\u201d, mencion\u00f3 la titular de este subsistema en su mensaje dirigido a asistentes que se dieron cita en el plantel 13 Tuxtla Oriente, donde se llev\u00f3 a cabo el homenaje al l\u00e1baro patrio.<\/p>\n<p>Asimismo, resalt\u00f3 la determinaci\u00f3n y entrega en el trabajo a favor de las y los chiapanecos que encabeza el jefe del Ejecutivo estatal, lo que representa para todas y todos los servidores p\u00fablicos un ejemplo a seguir. \u201cHoy, invito al personal directivo, docente y administrativo, a madres y padres de familia a trabajar con orgullo, con honestidad y con verdadera vocaci\u00f3n por nuestra instituci\u00f3n\u201d, abund\u00f3.<\/p>\n<p>Estuvieron en el pres\u00eddium como invitados especiales: Dulce Mar\u00eda Rodr\u00edguez Ovando, secretaria de la Mujer e Igualdad de G\u00e9nero; Leonardo Le\u00f3n Alc\u00e1zar, titular del Conalep en Chiapas; Didier Pinacho R\u00edos, subsecretario de Servicios y Gobernanza Pol\u00edtica de la Secretar\u00eda General de Gobierno y Mediaci\u00f3n; el director del plantel anfitri\u00f3n, Luis Vicente Guill\u00e9n P\u00e9rez, as\u00ed como directoras y directores de \u00e1rea de la administraci\u00f3n central del Cobach.<\/p>\n<p>Al finalizar el acto c\u00edvico, se realiz\u00f3 un recorrido por la exposici\u00f3n de fotograf\u00eda y pintura de los proyectos ganadores en el Encuentro Estatal Acad\u00e9mico, Cultural y Deportivo 2025, fortaleciendo la unidad y reafirmando el trabajo conjunto que impulsa el crecimiento y desarrollo integral de la instituci\u00f3n en todo el estado.<\/p>\n","protected":false},"excerpt":{"rendered":"<p>este lunes la ceremonia de honores a la bandera en el plantel 13 Tuxtla Oriente&#8230;<\/p>\n","protected":false},"author":2,"featured_media":33585,"comment_status":"closed","ping_status":"closed","sticky":false,"template":"","format":"standard","meta":{"_joinchat":[],"footnotes":""},"categories":[18,1,2,3],"tags":[],"class_list":["post-33584","post","type-post","status-publish","format-standard","has-post-thumbnail","hentry","category-almomento","category-boletin","category-estado","category-health"],"_links":{"self":[{"href":"https:\/\/icoinformativo.mx\/home\/index.php?rest_route=\/wp\/v2\/posts\/33584","targetHints":{"allow":["GET"]}}],"collection":[{"href":"https:\/\/icoinformativo.mx\/home\/index.php?rest_route=\/wp\/v2\/posts"}],"about":[{"href":"https:\/\/icoinformativo.mx\/home\/index.php?rest_route=\/wp\/v2\/types\/post"}],"author":[{"embeddable":true,"href":"https:\/\/icoinformativo.mx\/home\/index.php?rest_route=\/wp\/v2\/users\/2"}],"replies":[{"embeddable":true,"href":"https:\/\/icoinformativo.mx\/home\/index.php?rest_route=%2Fwp%2Fv2%2Fcomments&post=33584"}],"version-history":[{"count":1,"href":"https:\/\/icoinformativo.mx\/home\/index.php?rest_route=\/wp\/v2\/posts\/33584\/revisions"}],"predecessor-version":[{"id":33586,"href":"https:\/\/icoinformativo.mx\/home\/index.php?rest_route=\/wp\/v2\/posts\/33584\/revisions\/33586"}],"wp:featuredmedia":[{"embeddable":true,"href":"https:\/\/icoinformativo.mx\/home\/index.php?rest_route=\/wp\/v2\/media\/33585"}],"wp:attachment":[{"href":"https:\/\/icoinformativo.mx\/home\/index.php?rest_route=%2Fwp%2Fv2%2Fmedia&parent=33584"}],"wp:term":[{"taxonomy":"category","embeddable":true,"href":"https:\/\/icoinformativo.mx\/home\/index.php?rest_route=%2Fwp%2Fv2%2Fcategories&post=33584"},{"taxonomy":"post_tag","embeddable":true,"href":"https:\/\/icoinformativo.mx\/home\/index.php?rest_route=%2Fwp%2Fv2%2Ftags&post=33584"}],"curies":[{"name":"wp","href":"https:\/\/api.w.org\/{rel}","templated":true}]}}