{"id":33575,"date":"2025-11-11T01:51:51","date_gmt":"2025-11-11T01:51:51","guid":{"rendered":"https:\/\/icoinformativo.mx\/home\/?p=33575"},"modified":"2025-11-11T01:51:51","modified_gmt":"2025-11-11T01:51:51","slug":"fortalecen-capacidades-institucionales-en-materia-de-resguardo-responsable-de-los-datos-personales","status":"publish","type":"post","link":"https:\/\/icoinformativo.mx\/home\/?p=33575","title":{"rendered":"Fortalecen capacidades institucionales en materia de resguardo responsable de los datos personales"},"content":{"rendered":"<p>&nbsp;<\/p>\n<p>El Instituto de Transparencia para el Pueblo llev\u00f3 a cabo la Capacitaci\u00f3n del M\u00f3dulo III \u201cProtecci\u00f3n de Datos Personales en Posesi\u00f3n de Sujetos Obligados\u201d, con el prop\u00f3sito de fortalecer las capacidades institucionales en materia de transparencia, acceso a la informaci\u00f3n y resguardo responsable de los datos personales en el servicio p\u00fablico, dirigida a integrantes del Gabinete Legal y Ampliado.<\/p>\n<p>&nbsp;<\/p>\n<p>El titular del Instituto, Jorge Ross Coello, destac\u00f3 la importancia de que las y los servidores p\u00fablicos conozcan y apliquen los principios rectores de la protecci\u00f3n de datos personales, a fin de garantizar la confianza ciudadana y el respeto a los derechos fundamentales de privacidad e integridad.<\/p>\n<p>&nbsp;<\/p>\n<p>Durante la capacitaci\u00f3n se abordaron los siguientes temas: Protecci\u00f3n de Datos Personales en Posesi\u00f3n de Sujetos Obligados: Marco jur\u00eddico, principios, deberes, vulneraciones y documento de seguridad; as\u00ed como Aviso de Privacidad en el Sector P\u00fablico: Introducci\u00f3n, marco jur\u00eddico, deber de informaci\u00f3n, aviso de privacidad integral, aviso de privacidad simplificado y medidas compensatorias.<\/p>\n<p>&nbsp;<\/p>\n<p>La Secretar\u00eda Anticorrupci\u00f3n y Buen Gobierno (SAyBG), encabezada por Ana Laura Romero Basurto, particip\u00f3 activamente en esta jornada formativa reafirmando su compromiso con la transparencia, la \u00e9tica p\u00fablica y la consolidaci\u00f3n de un gobierno abierto y responsable.<\/p>\n<p>&nbsp;<\/p>\n<p>Con acciones como esta, Chiapas avanza en la construcci\u00f3n de instituciones m\u00e1s s\u00f3lidas, \u00edntegras y comprometidas con la rendici\u00f3n de cuentas al servicio del pueblo.<\/p>\n","protected":false},"excerpt":{"rendered":"<p>&nbsp; El Instituto de Transparencia para el Pueblo llev\u00f3 a cabo la Capacitaci\u00f3n del M\u00f3dulo&#8230;<\/p>\n","protected":false},"author":2,"featured_media":33576,"comment_status":"closed","ping_status":"closed","sticky":false,"template":"","format":"standard","meta":{"_joinchat":[],"footnotes":""},"categories":[18,1,2,3],"tags":[],"class_list":["post-33575","post","type-post","status-publish","format-standard","has-post-thumbnail","hentry","category-almomento","category-boletin","category-estado","category-health"],"_links":{"self":[{"href":"https:\/\/icoinformativo.mx\/home\/index.php?rest_route=\/wp\/v2\/posts\/33575","targetHints":{"allow":["GET"]}}],"collection":[{"href":"https:\/\/icoinformativo.mx\/home\/index.php?rest_route=\/wp\/v2\/posts"}],"about":[{"href":"https:\/\/icoinformativo.mx\/home\/index.php?rest_route=\/wp\/v2\/types\/post"}],"author":[{"embeddable":true,"href":"https:\/\/icoinformativo.mx\/home\/index.php?rest_route=\/wp\/v2\/users\/2"}],"replies":[{"embeddable":true,"href":"https:\/\/icoinformativo.mx\/home\/index.php?rest_route=%2Fwp%2Fv2%2Fcomments&post=33575"}],"version-history":[{"count":1,"href":"https:\/\/icoinformativo.mx\/home\/index.php?rest_route=\/wp\/v2\/posts\/33575\/revisions"}],"predecessor-version":[{"id":33577,"href":"https:\/\/icoinformativo.mx\/home\/index.php?rest_route=\/wp\/v2\/posts\/33575\/revisions\/33577"}],"wp:featuredmedia":[{"embeddable":true,"href":"https:\/\/icoinformativo.mx\/home\/index.php?rest_route=\/wp\/v2\/media\/33576"}],"wp:attachment":[{"href":"https:\/\/icoinformativo.mx\/home\/index.php?rest_route=%2Fwp%2Fv2%2Fmedia&parent=33575"}],"wp:term":[{"taxonomy":"category","embeddable":true,"href":"https:\/\/icoinformativo.mx\/home\/index.php?rest_route=%2Fwp%2Fv2%2Fcategories&post=33575"},{"taxonomy":"post_tag","embeddable":true,"href":"https:\/\/icoinformativo.mx\/home\/index.php?rest_route=%2Fwp%2Fv2%2Ftags&post=33575"}],"curies":[{"name":"wp","href":"https:\/\/api.w.org\/{rel}","templated":true}]}}