{"id":33572,"date":"2025-11-11T01:46:31","date_gmt":"2025-11-11T01:46:31","guid":{"rendered":"https:\/\/icoinformativo.mx\/home\/?p=33572"},"modified":"2025-11-11T01:46:31","modified_gmt":"2025-11-11T01:46:31","slug":"presentan-en-chiapas-la-alianza-integral-avanzamos-por-mexico","status":"publish","type":"post","link":"https:\/\/icoinformativo.mx\/home\/?p=33572","title":{"rendered":"Presentan en Chiapas la alianza integral \u201cAvanzamos por M\u00e9xico\u201d"},"content":{"rendered":"<p>&nbsp;<\/p>\n<p>&nbsp;<\/p>\n<p>Esta estrategia busca impulsar el crecimiento econ\u00f3mico local y consolidar a Chiapas como un destino moderno, competitivo e inclusivo<\/p>\n<p>&nbsp;<\/p>\n<p>Tuxtla Guti\u00e9rrez, Chiapas.- Con el prop\u00f3sito de fortalecer la competitividad tur\u00edstica a trav\u00e9s de la digitalizaci\u00f3n, inclusi\u00f3n financiera, educaci\u00f3n y promoci\u00f3n de los destinos, se llev\u00f3 a cabo en Chiapas la presentaci\u00f3n de la alianza integral \u201cAvanzamos por M\u00e9xico\u201d, una iniciativa impulsada por la Secretar\u00eda de Turismo (Sectur) del Gobierno de M\u00e9xico en colaboraci\u00f3n con la instituci\u00f3n financiera BBVA.<\/p>\n<p>El evento cont\u00f3 con la participaci\u00f3n de la secretaria de Turismo de Chiapas, Mar\u00eda Eugenia Culebro P\u00e9rez; del director general de Gesti\u00f3n Social de Destinos de la Secretar\u00eda de Turismo federal, Marte Luis Molina Orozco; as\u00ed como de representantes de BBVA, autoridades municipales, integrantes del sector tur\u00edstico y representantes de los Pueblos M\u00e1gicos.<\/p>\n<p>A trav\u00e9s de esta alianza, se promueve la capacitaci\u00f3n en educaci\u00f3n financiera, el desarrollo de talleres y cursos dirigidos a estudiantes, Peque\u00f1a y Mediana Empresa (PyMEs) y prestadores de servicios tur\u00edsticos, adem\u00e1s del acceso a herramientas digitales y financiamiento para proyectos tur\u00edsticos en comunidades con vocaci\u00f3n tur\u00edstica.<\/p>\n<p>Esta estrategia busca impulsar el crecimiento econ\u00f3mico local y consolidar a Chiapas como un destino moderno, competitivo e inclusivo, generando m\u00e1s oportunidades de empleo, derrama econ\u00f3mica y bienestar para las comunidades que forman parte de la oferta tur\u00edstica del estado.<\/p>\n","protected":false},"excerpt":{"rendered":"<p>&nbsp; &nbsp; Esta estrategia busca impulsar el crecimiento econ\u00f3mico local y consolidar a Chiapas como&#8230;<\/p>\n","protected":false},"author":2,"featured_media":33573,"comment_status":"closed","ping_status":"closed","sticky":false,"template":"","format":"standard","meta":{"_joinchat":[],"footnotes":""},"categories":[18,1,2,3],"tags":[],"class_list":["post-33572","post","type-post","status-publish","format-standard","has-post-thumbnail","hentry","category-almomento","category-boletin","category-estado","category-health"],"_links":{"self":[{"href":"https:\/\/icoinformativo.mx\/home\/index.php?rest_route=\/wp\/v2\/posts\/33572","targetHints":{"allow":["GET"]}}],"collection":[{"href":"https:\/\/icoinformativo.mx\/home\/index.php?rest_route=\/wp\/v2\/posts"}],"about":[{"href":"https:\/\/icoinformativo.mx\/home\/index.php?rest_route=\/wp\/v2\/types\/post"}],"author":[{"embeddable":true,"href":"https:\/\/icoinformativo.mx\/home\/index.php?rest_route=\/wp\/v2\/users\/2"}],"replies":[{"embeddable":true,"href":"https:\/\/icoinformativo.mx\/home\/index.php?rest_route=%2Fwp%2Fv2%2Fcomments&post=33572"}],"version-history":[{"count":1,"href":"https:\/\/icoinformativo.mx\/home\/index.php?rest_route=\/wp\/v2\/posts\/33572\/revisions"}],"predecessor-version":[{"id":33574,"href":"https:\/\/icoinformativo.mx\/home\/index.php?rest_route=\/wp\/v2\/posts\/33572\/revisions\/33574"}],"wp:featuredmedia":[{"embeddable":true,"href":"https:\/\/icoinformativo.mx\/home\/index.php?rest_route=\/wp\/v2\/media\/33573"}],"wp:attachment":[{"href":"https:\/\/icoinformativo.mx\/home\/index.php?rest_route=%2Fwp%2Fv2%2Fmedia&parent=33572"}],"wp:term":[{"taxonomy":"category","embeddable":true,"href":"https:\/\/icoinformativo.mx\/home\/index.php?rest_route=%2Fwp%2Fv2%2Fcategories&post=33572"},{"taxonomy":"post_tag","embeddable":true,"href":"https:\/\/icoinformativo.mx\/home\/index.php?rest_route=%2Fwp%2Fv2%2Ftags&post=33572"}],"curies":[{"name":"wp","href":"https:\/\/api.w.org\/{rel}","templated":true}]}}