{"id":33563,"date":"2025-11-10T03:14:48","date_gmt":"2025-11-10T03:14:48","guid":{"rendered":"https:\/\/icoinformativo.mx\/home\/?p=33563"},"modified":"2025-11-10T03:14:48","modified_gmt":"2025-11-10T03:14:48","slug":"cecytech-celebra-1a-reunion-estatal-de-academias-del-componente-basico","status":"publish","type":"post","link":"https:\/\/icoinformativo.mx\/home\/?p=33563","title":{"rendered":"Cecytech celebra 1\u00aa Reuni\u00f3n Estatal de Academias del Componente B\u00e1sico"},"content":{"rendered":"<p>&nbsp;<\/p>\n<p>&nbsp;<\/p>\n<p>En este encuentro se reconoci\u00f3 la labor de las y los presidentes de academia, y se establecieron l\u00edneas de acci\u00f3n para fortalecer el desarrollo acad\u00e9mico y la calidad educativa en el Colegio<\/p>\n<p>&nbsp;<\/p>\n<p>Tuxtla Guti\u00e9rrez, Chiapas.- En el marco de la 1\u00aa Reuni\u00f3n de Trabajo de las Academias Estatales del Componente B\u00e1sico, el Colegio de Estudios Cient\u00edficos y Tecnol\u00f3gicos del Estado de Chiapas (Cecytech) reconoci\u00f3 la labor de las y los presidentes de academia, quienes lideran el trabajo docente que fortalece la calidad educativa y el desarrollo institucional del subsistema.<\/p>\n<p>&nbsp;<\/p>\n<p>En la Sala de Medios \u201cMtra. Carmen V\u00e1zquez Hern\u00e1ndez\u201d, el director general del Cecytech, Luis Guadalupe Morales \u00c1ngeles, manifest\u00f3 que este encuentro representa un espacio fundamental para consolidar la planeaci\u00f3n acad\u00e9mica y fortalecer el trabajo colaborativo entre docentes, con el objetivo de elevar los est\u00e1ndares de calidad educativa en todos los planteles del Colegio.<\/p>\n<p>&nbsp;<\/p>\n<p>Morales \u00c1ngeles subray\u00f3 que uno de los principales objetivos del Cecytech es impulsar una educaci\u00f3n integral, sustentada en la ciencia, la tecnolog\u00eda y los valores humanos, mediante la actualizaci\u00f3n constante de los planes y programas de estudio, as\u00ed como el fortalecimiento de la pr\u00e1ctica docente en beneficio de la comunidad educativa.<\/p>\n<p>&nbsp;<\/p>\n<p>Indic\u00f3 que estas acciones se alinean con la visi\u00f3n transformadora del gobernador Eduardo Ram\u00edrez Aguilar, quien ha reiterado su compromiso con una educaci\u00f3n media superior que promueva la innovaci\u00f3n, la equidad y el desarrollo integral de la juventud chiapaneca, como motor del progreso social.<\/p>\n<p>&nbsp;<\/p>\n<p>A su vez, el director acad\u00e9mico, Rogelio Denis Casta\u00f1eda, destac\u00f3 la importancia del trabajo colegiado entre las academias, se\u00f1alando que la suma de esfuerzos entre las y los docentes permitir\u00e1 consolidar un modelo educativo pertinente y acorde con las necesidades de formaci\u00f3n del estudiantado.<\/p>\n<p>&nbsp;<\/p>\n<p>Durante la jornada se entregaron nombramientos a las y los presidentes de academia, quienes asumieron el compromiso de continuar fortaleciendo los procesos acad\u00e9micos. Asimismo, se realizaron mesas de trabajo para socializar los acuerdos nacionales del Encuentro de Academias de los CECyTE 2025, y avanzar en la construcci\u00f3n del Plan Institucional de Desarrollo Acad\u00e9mico del Cecytech.<\/p>\n","protected":false},"excerpt":{"rendered":"<p>&nbsp; &nbsp; En este encuentro se reconoci\u00f3 la labor de las y los presidentes de&#8230;<\/p>\n","protected":false},"author":2,"featured_media":33564,"comment_status":"closed","ping_status":"closed","sticky":false,"template":"","format":"standard","meta":{"_joinchat":[],"footnotes":""},"categories":[18,1,2,3],"tags":[],"class_list":["post-33563","post","type-post","status-publish","format-standard","has-post-thumbnail","hentry","category-almomento","category-boletin","category-estado","category-health"],"_links":{"self":[{"href":"https:\/\/icoinformativo.mx\/home\/index.php?rest_route=\/wp\/v2\/posts\/33563","targetHints":{"allow":["GET"]}}],"collection":[{"href":"https:\/\/icoinformativo.mx\/home\/index.php?rest_route=\/wp\/v2\/posts"}],"about":[{"href":"https:\/\/icoinformativo.mx\/home\/index.php?rest_route=\/wp\/v2\/types\/post"}],"author":[{"embeddable":true,"href":"https:\/\/icoinformativo.mx\/home\/index.php?rest_route=\/wp\/v2\/users\/2"}],"replies":[{"embeddable":true,"href":"https:\/\/icoinformativo.mx\/home\/index.php?rest_route=%2Fwp%2Fv2%2Fcomments&post=33563"}],"version-history":[{"count":1,"href":"https:\/\/icoinformativo.mx\/home\/index.php?rest_route=\/wp\/v2\/posts\/33563\/revisions"}],"predecessor-version":[{"id":33565,"href":"https:\/\/icoinformativo.mx\/home\/index.php?rest_route=\/wp\/v2\/posts\/33563\/revisions\/33565"}],"wp:featuredmedia":[{"embeddable":true,"href":"https:\/\/icoinformativo.mx\/home\/index.php?rest_route=\/wp\/v2\/media\/33564"}],"wp:attachment":[{"href":"https:\/\/icoinformativo.mx\/home\/index.php?rest_route=%2Fwp%2Fv2%2Fmedia&parent=33563"}],"wp:term":[{"taxonomy":"category","embeddable":true,"href":"https:\/\/icoinformativo.mx\/home\/index.php?rest_route=%2Fwp%2Fv2%2Fcategories&post=33563"},{"taxonomy":"post_tag","embeddable":true,"href":"https:\/\/icoinformativo.mx\/home\/index.php?rest_route=%2Fwp%2Fv2%2Ftags&post=33563"}],"curies":[{"name":"wp","href":"https:\/\/api.w.org\/{rel}","templated":true}]}}