{"id":33559,"date":"2025-11-10T03:13:21","date_gmt":"2025-11-10T03:13:21","guid":{"rendered":"https:\/\/icoinformativo.mx\/home\/?p=33559"},"modified":"2025-11-10T03:13:21","modified_gmt":"2025-11-10T03:13:21","slug":"ingreso-de-frente-frio-no-13-ocasionara-lluvias-principalmente-en-la-region-norte-de-chiapas","status":"publish","type":"post","link":"https:\/\/icoinformativo.mx\/home\/?p=33559","title":{"rendered":"Ingreso de frente fr\u00edo No.13 ocasionar\u00e1 lluvias principalmente en la regi\u00f3n Norte de Chiapas"},"content":{"rendered":"<p>&nbsp;<\/p>\n<p>&nbsp;<\/p>\n<p>Sistema Estatal de Protecci\u00f3n Civil exhorta a la poblaci\u00f3n a mantenerse alerta y prevenida ante posibles casos de emergencia<\/p>\n<p>&nbsp;<\/p>\n<p>Tuxtla Guti\u00e9rrez, Chiapas; 09 de noviembre 2025.- El Sistema Estatal de Protecci\u00f3n Civil del estado de Chiapas mantiene el llamado a la prevenci\u00f3n y autoprotecci\u00f3n a la poblaci\u00f3n en general, ante el ingreso del frente fr\u00edo No. 13 que generar\u00e1 lluvias de intensas a torrenciales, sobre todo en la regi\u00f3n Norte.<\/p>\n<p>&nbsp;<\/p>\n<p>De acuerdo al pron\u00f3stico, la entrada de este frente fr\u00edo estar\u00e1 impactando principalmente en las regiones: Norte, Mezcalapa, De Los Bosques y Tulij\u00e1 Tseltal Chol con posibles rachas de viento que podr\u00edan alcanzar hasta los 70 km\/h.<\/p>\n<p>&nbsp;<\/p>\n<p>El Sistema Estatal de Protecci\u00f3n Civil realiza acciones en conjunto con los Comit\u00e9s Humanistas a fin de reducir riesgos y proteger a la poblaci\u00f3n con alertamientos preventivos en casas y negocios, adem\u00e1s se mantienen las reuniones log\u00edsticas y de coordinaci\u00f3n entre las instancias competentes.<\/p>\n<p>&nbsp;<\/p>\n<p>La Secretar\u00eda de Protecci\u00f3n Civil convoc\u00f3 a las autoridades de los tres \u00f3rdenes de gobierno a la Sesi\u00f3n del Consejo Regional Zona Norte, y por instrucciones del Secretario, Mauricio Cordero Rodr\u00edguez, elementos del Equipo de Respuesta Inmediata (ERI) se trasladaron al municipio de Pichucalco para coadyuvar en las acciones de emergencia con los municipios en caso de ser necesario.<\/p>\n<p>&nbsp;<\/p>\n<p>Adem\u00e1s, como parte de las acciones de prevenci\u00f3n y preparaci\u00f3n, se instal\u00f3 una planta potabilizadora m\u00f3vil en la cabecera municipal, conformada por un sistema de purificaci\u00f3n de seis etapas (filtros de zeolita, carb\u00f3n activado, suavizador, pulidores, l\u00e1mpara ultra violeta y generador de ozono), para que la poblaci\u00f3n tenga acceso a agua potable segura y de calidad ante cualquier eventualidad.<\/p>\n<p>&nbsp;<\/p>\n<p>De acuerdo con la Comisi\u00f3n Nacional del Agua (Conagua) el frente fr\u00edo No. 13 se desplazar\u00e1 durante el lunes sobre los estados del oriente y sureste del pa\u00eds, as\u00ed como la Pen\u00ednsula de Yucat\u00e1n, a su paso ocasionar\u00e1 lluvias intensas a torrenciales sobre dichas regiones, la masa de aire \u00e1rtica que lo impulsa ocasionar\u00e1 un evento de \u201cNorte\u201d muy fuerte a intenso y oleaje elevado en las costas de Tamaulipas, Veracruz, Oaxaca y Chiapas.<\/p>\n<p>&nbsp;<\/p>\n<p>Las condiciones meteorol\u00f3gicas pueden cambiar significativamente en un periodo corto de tiempo, y ante alguna eventualidad se exhorta a la poblaci\u00f3n a permanecer atenta a los mensajes que se emitan a trav\u00e9s de los sitios oficiales de la Secretar\u00eda de Protecci\u00f3n Civil y a seguir todas las recomendaciones, las cuales se comparten a trav\u00e9s de redes sociales en X @pcivilchiapas y en Facebook Protecci\u00f3n Civil Chiapas; en caso de una emergencia contactar a protecci\u00f3n civil o llamar al 911 para su pronta atenci\u00f3n.<\/p>\n","protected":false},"excerpt":{"rendered":"<p>&nbsp; &nbsp; Sistema Estatal de Protecci\u00f3n Civil exhorta a la poblaci\u00f3n a mantenerse alerta y&#8230;<\/p>\n","protected":false},"author":2,"featured_media":33560,"comment_status":"closed","ping_status":"closed","sticky":false,"template":"","format":"standard","meta":{"_joinchat":[],"footnotes":""},"categories":[18,1,2,3],"tags":[],"class_list":["post-33559","post","type-post","status-publish","format-standard","has-post-thumbnail","hentry","category-almomento","category-boletin","category-estado","category-health"],"_links":{"self":[{"href":"https:\/\/icoinformativo.mx\/home\/index.php?rest_route=\/wp\/v2\/posts\/33559","targetHints":{"allow":["GET"]}}],"collection":[{"href":"https:\/\/icoinformativo.mx\/home\/index.php?rest_route=\/wp\/v2\/posts"}],"about":[{"href":"https:\/\/icoinformativo.mx\/home\/index.php?rest_route=\/wp\/v2\/types\/post"}],"author":[{"embeddable":true,"href":"https:\/\/icoinformativo.mx\/home\/index.php?rest_route=\/wp\/v2\/users\/2"}],"replies":[{"embeddable":true,"href":"https:\/\/icoinformativo.mx\/home\/index.php?rest_route=%2Fwp%2Fv2%2Fcomments&post=33559"}],"version-history":[{"count":1,"href":"https:\/\/icoinformativo.mx\/home\/index.php?rest_route=\/wp\/v2\/posts\/33559\/revisions"}],"predecessor-version":[{"id":33561,"href":"https:\/\/icoinformativo.mx\/home\/index.php?rest_route=\/wp\/v2\/posts\/33559\/revisions\/33561"}],"wp:featuredmedia":[{"embeddable":true,"href":"https:\/\/icoinformativo.mx\/home\/index.php?rest_route=\/wp\/v2\/media\/33560"}],"wp:attachment":[{"href":"https:\/\/icoinformativo.mx\/home\/index.php?rest_route=%2Fwp%2Fv2%2Fmedia&parent=33559"}],"wp:term":[{"taxonomy":"category","embeddable":true,"href":"https:\/\/icoinformativo.mx\/home\/index.php?rest_route=%2Fwp%2Fv2%2Fcategories&post=33559"},{"taxonomy":"post_tag","embeddable":true,"href":"https:\/\/icoinformativo.mx\/home\/index.php?rest_route=%2Fwp%2Fv2%2Ftags&post=33559"}],"curies":[{"name":"wp","href":"https:\/\/api.w.org\/{rel}","templated":true}]}}