{"id":33556,"date":"2025-11-09T02:50:25","date_gmt":"2025-11-09T02:50:25","guid":{"rendered":"https:\/\/icoinformativo.mx\/home\/?p=33556"},"modified":"2025-11-09T02:50:25","modified_gmt":"2025-11-09T02:50:25","slug":"secretario-de-seguridad-del-pueblo-asiste-a-la-inauguracion-del-centro-de-justicia-para-las-mujeres-en-palenque","status":"publish","type":"post","link":"https:\/\/icoinformativo.mx\/home\/?p=33556","title":{"rendered":"Secretario de Seguridad del Pueblo asiste a la inauguraci\u00f3n del Centro de Justicia para las Mujeres en Palenque"},"content":{"rendered":"<p>&nbsp;<\/p>\n<p>&nbsp;<\/p>\n<p>Palenque, Chiapas; 08 de noviembre de 2025.- El secretario de Seguridad del Pueblo, \u00d3scar Alberto Aparicio Avenda\u00f1o, acompa\u00f1\u00f3 al gobernador Eduardo Ram\u00edrez Aguilar; al fiscal general del Estado, Jorge Luis Llaven Abarca y a autoridades de los tres niveles de gobierno a la inauguraci\u00f3n del Centro de Justicia para las Mujeres (CEJUM) en el municipio de Palenque.<\/p>\n<p>&nbsp;<\/p>\n<p>La inauguraci\u00f3n del CEJUM refleja el compromiso de las autoridades estatales con la seguridad, la justicia y la igualdad de g\u00e9nero, mediante la creaci\u00f3n de espacios y accesos seguros que promuevan el bienestar y la confianza de los sectores vulnerables y v\u00edctimas de violencia.<\/p>\n<p>&nbsp;<\/p>\n<p>Este nuevo centro garantizar\u00e1 el derecho de las mujeres, contando con el compromiso y convicci\u00f3n del gobernador Eduardo Ram\u00edrez Aguilar, con el objetivo de acompa\u00f1ar y respaldar a las mujeres que deciden dar el paso de denunciar, realizando las acciones correspondientes para la paz en los hogares chiapanecos.<\/p>\n<p>&nbsp;<\/p>\n<p>Durante el evento, tambi\u00e9n se realiz\u00f3 la inauguraci\u00f3n de la calle San \u00c1ngel-acceso al CEJUM, destacando la importancia de esta obra para mejorar la conectividad y fortalecer los servicios que brinda el Centro en favor de las mujeres, ni\u00f1as y adolescentes que requieren atenci\u00f3n integral.<\/p>\n<p>&nbsp;<\/p>\n<p>Con estas acciones, la Secretar\u00eda de Seguridad del Pueblo refrenda su compromiso de seguir respaldando los proyectos de esta Nueva ERA, a favor de las mujeres que contribuyan al desarrollo social y la seguridad p\u00fablica en beneficio de las y los chiapanecos.<\/p>\n","protected":false},"excerpt":{"rendered":"<p>&nbsp; &nbsp; Palenque, Chiapas; 08 de noviembre de 2025.- El secretario de Seguridad del Pueblo,&#8230;<\/p>\n","protected":false},"author":2,"featured_media":33557,"comment_status":"closed","ping_status":"closed","sticky":false,"template":"","format":"standard","meta":{"_joinchat":[],"footnotes":""},"categories":[18,1,2,3],"tags":[],"class_list":["post-33556","post","type-post","status-publish","format-standard","has-post-thumbnail","hentry","category-almomento","category-boletin","category-estado","category-health"],"_links":{"self":[{"href":"https:\/\/icoinformativo.mx\/home\/index.php?rest_route=\/wp\/v2\/posts\/33556","targetHints":{"allow":["GET"]}}],"collection":[{"href":"https:\/\/icoinformativo.mx\/home\/index.php?rest_route=\/wp\/v2\/posts"}],"about":[{"href":"https:\/\/icoinformativo.mx\/home\/index.php?rest_route=\/wp\/v2\/types\/post"}],"author":[{"embeddable":true,"href":"https:\/\/icoinformativo.mx\/home\/index.php?rest_route=\/wp\/v2\/users\/2"}],"replies":[{"embeddable":true,"href":"https:\/\/icoinformativo.mx\/home\/index.php?rest_route=%2Fwp%2Fv2%2Fcomments&post=33556"}],"version-history":[{"count":1,"href":"https:\/\/icoinformativo.mx\/home\/index.php?rest_route=\/wp\/v2\/posts\/33556\/revisions"}],"predecessor-version":[{"id":33558,"href":"https:\/\/icoinformativo.mx\/home\/index.php?rest_route=\/wp\/v2\/posts\/33556\/revisions\/33558"}],"wp:featuredmedia":[{"embeddable":true,"href":"https:\/\/icoinformativo.mx\/home\/index.php?rest_route=\/wp\/v2\/media\/33557"}],"wp:attachment":[{"href":"https:\/\/icoinformativo.mx\/home\/index.php?rest_route=%2Fwp%2Fv2%2Fmedia&parent=33556"}],"wp:term":[{"taxonomy":"category","embeddable":true,"href":"https:\/\/icoinformativo.mx\/home\/index.php?rest_route=%2Fwp%2Fv2%2Fcategories&post=33556"},{"taxonomy":"post_tag","embeddable":true,"href":"https:\/\/icoinformativo.mx\/home\/index.php?rest_route=%2Fwp%2Fv2%2Ftags&post=33556"}],"curies":[{"name":"wp","href":"https:\/\/api.w.org\/{rel}","templated":true}]}}