{"id":33553,"date":"2025-11-09T02:42:06","date_gmt":"2025-11-09T02:42:06","guid":{"rendered":"https:\/\/icoinformativo.mx\/home\/?p=33553"},"modified":"2025-11-09T02:42:06","modified_gmt":"2025-11-09T02:42:06","slug":"coneculta-entrega-el-premio-nacional-de-cuento-corto-eraclio-zepeda-2025","status":"publish","type":"post","link":"https:\/\/icoinformativo.mx\/home\/?p=33553","title":{"rendered":"Coneculta entrega el Premio Nacional de Cuento Corto Eraclio Zepeda 2025"},"content":{"rendered":"<p>&nbsp;<\/p>\n<p>La obra fue seleccionada entre 54 postulaciones recibidas a concurso<\/p>\n<p>&nbsp;<\/p>\n<p>Tuxtla Guti\u00e9rrez, Chiapas.- El pasado jueves 6 de noviembre, en el patio c\u00edvico del Ayuntamiento de Tuxtla Guti\u00e9rrez, se llev\u00f3 a cabo la entrega del Premio Nacional de Cuento Corto Eraclio Zepeda 2025 al escritor Gustavo V\u00e1zquez Lozano, originario de Aguascalientes, por su obra \u201cPeque\u00f1as variaciones del alma\u201d, presentada bajo el pseud\u00f3nimo \u201cGrandes lluvias\u201d.<\/p>\n<p>&nbsp;<\/p>\n<p>La obra fue seleccionada entre 54 postulaciones recibidas a concurso, destacando por su sensibilidad, estructura y profundidad narrativa.<\/p>\n<p>&nbsp;<\/p>\n<p>El Gobierno del Estado de Chiapas, a trav\u00e9s del Consejo Estatal para las Culturas y las Artes de Chiapas (Coneculta), en coordinaci\u00f3n con el H. Ayuntamiento de Tuxtla Guti\u00e9rrez, hizo entrega del galard\u00f3n, que consiste en un reconocimiento institucional y un premio econ\u00f3mico de 80 mil pesos.<\/p>\n<p>&nbsp;<\/p>\n<p>Este premio, uno de los m\u00e1s recientes en el proyecto literario del Consejo, fue creado en 2019 en honor al gran cuentista y cuentero chiapaneco Eraclio Zepeda Ramos, con el prop\u00f3sito de fomentar la creaci\u00f3n literaria en el g\u00e9nero del cuento corto y rendir tributo a su legado.<\/p>\n<p>&nbsp;<\/p>\n<p>Durante el evento estuvieron presentes la directora general del Coneculta, Ang\u00e9lica Altuzar Constantino; el presidente municipal de Tuxtla Guti\u00e9rrez, Angel Torres Culebro; as\u00ed como la poeta Elva Mac\u00edas Grajales y Masha Zepeda Mac\u00edas, esposa e hija del ilustre escritor homenajeado.<\/p>\n<p>&nbsp;<\/p>\n<p>Ambas expresaron su gratitud a las instituciones convocantes por mantener viva la memoria de Eraclio Zepeda y destacaron la importancia de que este premio permanezca en el coraz\u00f3n de la sociedad tuxtleca y de quienes participan activamente en su convocatoria.<\/p>\n<p>&nbsp;<\/p>\n<p>La titular del Coneculta agradeci\u00f3 la presencia de las autoridades y de los familiares del maestro Zepeda, subrayando que este reconocimiento ha trascendido a nivel nacional como uno de los pilares m\u00e1s significativos del cuento corto en M\u00e9xico. Asimismo, celebr\u00f3 el trabajo literario de Gustavo V\u00e1zquez Lozano, y expres\u00f3 su deseo de que, a trav\u00e9s de su obra, este premio contin\u00fae elevando el nivel de participaci\u00f3n y creaci\u00f3n literaria en el pa\u00eds.<\/p>\n","protected":false},"excerpt":{"rendered":"<p>&nbsp; La obra fue seleccionada entre 54 postulaciones recibidas a concurso &nbsp; Tuxtla Guti\u00e9rrez, Chiapas.-&#8230;<\/p>\n","protected":false},"author":2,"featured_media":33554,"comment_status":"closed","ping_status":"closed","sticky":false,"template":"","format":"standard","meta":{"_joinchat":[],"footnotes":""},"categories":[18,1,2,3],"tags":[],"class_list":["post-33553","post","type-post","status-publish","format-standard","has-post-thumbnail","hentry","category-almomento","category-boletin","category-estado","category-health"],"_links":{"self":[{"href":"https:\/\/icoinformativo.mx\/home\/index.php?rest_route=\/wp\/v2\/posts\/33553","targetHints":{"allow":["GET"]}}],"collection":[{"href":"https:\/\/icoinformativo.mx\/home\/index.php?rest_route=\/wp\/v2\/posts"}],"about":[{"href":"https:\/\/icoinformativo.mx\/home\/index.php?rest_route=\/wp\/v2\/types\/post"}],"author":[{"embeddable":true,"href":"https:\/\/icoinformativo.mx\/home\/index.php?rest_route=\/wp\/v2\/users\/2"}],"replies":[{"embeddable":true,"href":"https:\/\/icoinformativo.mx\/home\/index.php?rest_route=%2Fwp%2Fv2%2Fcomments&post=33553"}],"version-history":[{"count":1,"href":"https:\/\/icoinformativo.mx\/home\/index.php?rest_route=\/wp\/v2\/posts\/33553\/revisions"}],"predecessor-version":[{"id":33555,"href":"https:\/\/icoinformativo.mx\/home\/index.php?rest_route=\/wp\/v2\/posts\/33553\/revisions\/33555"}],"wp:featuredmedia":[{"embeddable":true,"href":"https:\/\/icoinformativo.mx\/home\/index.php?rest_route=\/wp\/v2\/media\/33554"}],"wp:attachment":[{"href":"https:\/\/icoinformativo.mx\/home\/index.php?rest_route=%2Fwp%2Fv2%2Fmedia&parent=33553"}],"wp:term":[{"taxonomy":"category","embeddable":true,"href":"https:\/\/icoinformativo.mx\/home\/index.php?rest_route=%2Fwp%2Fv2%2Fcategories&post=33553"},{"taxonomy":"post_tag","embeddable":true,"href":"https:\/\/icoinformativo.mx\/home\/index.php?rest_route=%2Fwp%2Fv2%2Ftags&post=33553"}],"curies":[{"name":"wp","href":"https:\/\/api.w.org\/{rel}","templated":true}]}}