{"id":33540,"date":"2025-11-08T03:20:04","date_gmt":"2025-11-08T03:20:04","guid":{"rendered":"https:\/\/icoinformativo.mx\/home\/?p=33540"},"modified":"2025-11-08T03:20:04","modified_gmt":"2025-11-08T03:20:04","slug":"asamblea-del-pueblo-en-tenejapa-prioriza-obra-de-energia-electrica-paco-chacon","status":"publish","type":"post","link":"https:\/\/icoinformativo.mx\/home\/?p=33540","title":{"rendered":"Asamblea del Pueblo en Tenejapa prioriza obra de energ\u00eda el\u00e9ctrica: Paco Chac\u00f3n"},"content":{"rendered":"<p>&nbsp;<\/p>\n<p>&nbsp;<\/p>\n<p>La comunidad eligi\u00f3, por votaci\u00f3n a mano alzada, la ampliaci\u00f3n de la red de energ\u00eda el\u00e9ctrica en la localidad Yaalchuch como obra prioritaria<\/p>\n<p>&nbsp;<\/p>\n<p>Con la fuerza del di\u00e1logo y la participaci\u00f3n ciudadana, el secretario del Humanismo, Francisco Chac\u00f3n, encabez\u00f3 la Asamblea del Pueblo en el municipio de Tenejapa, una iniciativa impulsada por el gobernador Eduardo Ram\u00edrez, que fortalece la democracia participativa y permite a las comunidades decidir directamente las obras de infraestructura social b\u00e1sica que transformar\u00e1n su entorno y mejorar\u00e1n su calidad de vida.<\/p>\n<p>&nbsp;<\/p>\n<p>En un ambiente de civilidad y respeto, las y los habitantes se dieron cita en el domo municipal, donde eligieron a mano alzada la ampliaci\u00f3n de la red de energ\u00eda el\u00e9ctrica en la localidad de Yaalchuch, considerada la obra prioritaria para su comunidad. Esta decisi\u00f3n garantiza que los recursos p\u00fablicos se destinen a fortalecer la infraestructura b\u00e1sica y reducir el rezago social.<\/p>\n<p>&nbsp;<\/p>\n<p>A este encuentro asistieron el presidente municipal, Roberto Gir\u00f3n Luna, y autoridades comunitarias, quienes acompa\u00f1aron el proceso de elecci\u00f3n reafirmando su compromiso con el desarrollo y bienestar de Tenejapa.<\/p>\n<p>&nbsp;<\/p>\n<p>A trav\u00e9s de las Asambleas del Pueblo, el gobernador Eduardo Ram\u00edrez impulsa la participaci\u00f3n ciudadana en la toma de decisiones que transforman la vida comunitaria. \u201cHoy estamos aqu\u00ed para reafirmar el compromiso de nuestro gobernador con los pueblos originarios; un compromiso que se demuestra escuchando, dialogando y caminando junto a la gente\u201d, subray\u00f3 el secretario del Humanismo.<\/p>\n<p>&nbsp;<\/p>\n<p>Finalmente, ante el pueblo de Tenejapa, Francisco Chac\u00f3n destac\u00f3 que en este ejercicio las y los ciudadanos son la voz principal. \u201cNuestro deber como gobierno es escuchar con humildad y responder con acciones efectivas que cambien vidas\u201d, expres\u00f3.<\/p>\n","protected":false},"excerpt":{"rendered":"<p>&nbsp; &nbsp; La comunidad eligi\u00f3, por votaci\u00f3n a mano alzada, la ampliaci\u00f3n de la red&#8230;<\/p>\n","protected":false},"author":2,"featured_media":33542,"comment_status":"closed","ping_status":"closed","sticky":false,"template":"","format":"standard","meta":{"_joinchat":[],"footnotes":""},"categories":[18,1,2,3],"tags":[],"class_list":["post-33540","post","type-post","status-publish","format-standard","has-post-thumbnail","hentry","category-almomento","category-boletin","category-estado","category-health"],"_links":{"self":[{"href":"https:\/\/icoinformativo.mx\/home\/index.php?rest_route=\/wp\/v2\/posts\/33540","targetHints":{"allow":["GET"]}}],"collection":[{"href":"https:\/\/icoinformativo.mx\/home\/index.php?rest_route=\/wp\/v2\/posts"}],"about":[{"href":"https:\/\/icoinformativo.mx\/home\/index.php?rest_route=\/wp\/v2\/types\/post"}],"author":[{"embeddable":true,"href":"https:\/\/icoinformativo.mx\/home\/index.php?rest_route=\/wp\/v2\/users\/2"}],"replies":[{"embeddable":true,"href":"https:\/\/icoinformativo.mx\/home\/index.php?rest_route=%2Fwp%2Fv2%2Fcomments&post=33540"}],"version-history":[{"count":1,"href":"https:\/\/icoinformativo.mx\/home\/index.php?rest_route=\/wp\/v2\/posts\/33540\/revisions"}],"predecessor-version":[{"id":33543,"href":"https:\/\/icoinformativo.mx\/home\/index.php?rest_route=\/wp\/v2\/posts\/33540\/revisions\/33543"}],"wp:featuredmedia":[{"embeddable":true,"href":"https:\/\/icoinformativo.mx\/home\/index.php?rest_route=\/wp\/v2\/media\/33542"}],"wp:attachment":[{"href":"https:\/\/icoinformativo.mx\/home\/index.php?rest_route=%2Fwp%2Fv2%2Fmedia&parent=33540"}],"wp:term":[{"taxonomy":"category","embeddable":true,"href":"https:\/\/icoinformativo.mx\/home\/index.php?rest_route=%2Fwp%2Fv2%2Fcategories&post=33540"},{"taxonomy":"post_tag","embeddable":true,"href":"https:\/\/icoinformativo.mx\/home\/index.php?rest_route=%2Fwp%2Fv2%2Ftags&post=33540"}],"curies":[{"name":"wp","href":"https:\/\/api.w.org\/{rel}","templated":true}]}}