{"id":33537,"date":"2025-11-08T03:13:48","date_gmt":"2025-11-08T03:13:48","guid":{"rendered":"https:\/\/icoinformativo.mx\/home\/?p=33537"},"modified":"2025-11-08T03:13:48","modified_gmt":"2025-11-08T03:13:48","slug":"el-mensaje-es-claro-con-el-pueblo-no-oscar-alberto-aparicio-avendano","status":"publish","type":"post","link":"https:\/\/icoinformativo.mx\/home\/?p=33537","title":{"rendered":"\u201cEl mensaje es claro: con el pueblo no\u201d: \u00d3scar Alberto Aparicio Avenda\u00f1o"},"content":{"rendered":"<p>&nbsp;<\/p>\n<p>El secretario de Seguridad del Pueblo anuncia la Instalaci\u00f3n de la Base de Operaciones de la Guardia Estatal Preventiva en el municipio de Altamirano, durante gira de trabajo<\/p>\n<p>Altamirano, Chiapas; 07 de noviembre de 2025.- Con el objetivo de fortalecer la estrategia integral de seguridad en el estado, el secretario de Seguridad del Pueblo, \u00d3scar Alberto Aparicio Avenda\u00f1o, acompa\u00f1\u00f3 al gobernador del estado, Eduardo Ram\u00edrez Aguilar, a la gira de trabajo en el municipio de Altamirano, en donde reafirmaron su compromiso con la paz, el desarrollo y la seguridad en Chiapas.<\/p>\n<p>Durante la jornada, el titular de la Secretar\u00eda de Seguridad del Pueblo (SSP) anunci\u00f3 la Instalaci\u00f3n de la Base de Operaciones de la Guardia Estatal Preventiva, en donde 30 elementos estar\u00e1n de manera permanente en el municipio, reforzados por la Fuerza de Reacci\u00f3n Inmediata Pakal (FRIP), con el prop\u00f3sito de garantizar la seguridad y tranquilidad de todas y todos, realizando sobrevuelos con helic\u00f3pteros y aviones no tripulados de la Secretar\u00eda, con el fin de mantener la paz en toda la regi\u00f3n.<\/p>\n<p>\u201cVamos a seguir trabajando de manera frontal contra la delincuencia, y estaremos muy cercanos a la ciudadan\u00eda. Vendremos con frecuencia para supervisar el desempe\u00f1o de nuestros elementos y garantizar resultados\u201d, afirm\u00f3.<\/p>\n<p>Destac\u00f3 que Chiapas vive hoy una etapa de paz y fortalecimiento institucional, siendo un referente nacional en materia de seguridad p\u00fablica. Se\u00f1al\u00f3 que este avance es resultado del trabajo constante y coordinado que encabeza el mandatario desde la Mesa de Paz, en donde de manera interinstitucional, diariamente se analizan las estrategias para garantizar el bienestar de las familias chiapanecas. \u201cSomos un referente en materia de seguridad a nivel nacional\u201d, asegur\u00f3.<\/p>\n<p>Adem\u00e1s, resalt\u00f3 la importancia de cambiar la conciencia social y fortalecer la cultura del respeto hacia las mujeres, reiterando que, la SSP se capacita continuamente para trabajar a favor de las mujeres. \u201cNunca m\u00e1s puede permitirse que una mujer sea violentada o que una ni\u00f1a sea casada en contra de su voluntad\u201d, asever\u00f3.<\/p>\n<p>Asimismo, reconoci\u00f3 las pol\u00edticas p\u00fablicas impulsadas por esta Nueva ERA. Subray\u00f3 que hace m\u00e1s de una d\u00e9cada un gobernador no visitaba Altamirano, y que hoy se avanza con acciones concretas que reflejan un compromiso real con la poblaci\u00f3n, afirmando que no se va a dar un paso atr\u00e1s, no se va a permitir que la delincuencia regrese a realizar el cobro de piso. \u201cEl mensaje es muy claro: con el pueblo no\u201d, manifest\u00f3.<\/p>\n<p>De igual manera, invit\u00f3 a la poblaci\u00f3n a denunciar cualquier hecho delictivo, ya que la l\u00ednea de Emergencia 911 y la de Denuncia An\u00f3nima 089 permanecen abiertas para fortalecer la inteligencia y la prevenci\u00f3n del delito.<\/p>\n<p>La SSP refrenda el compromiso del gobernador Eduardo Ram\u00edrez Aguilar con la paz y la seguridad, fortaleciendo el bienestar integral de las y los chiapanecos.<\/p>\n","protected":false},"excerpt":{"rendered":"<p>&nbsp; El secretario de Seguridad del Pueblo anuncia la Instalaci\u00f3n de la Base de Operaciones&#8230;<\/p>\n","protected":false},"author":2,"featured_media":33538,"comment_status":"closed","ping_status":"closed","sticky":false,"template":"","format":"standard","meta":{"_joinchat":[],"footnotes":""},"categories":[18,1,2,3],"tags":[],"class_list":["post-33537","post","type-post","status-publish","format-standard","has-post-thumbnail","hentry","category-almomento","category-boletin","category-estado","category-health"],"_links":{"self":[{"href":"https:\/\/icoinformativo.mx\/home\/index.php?rest_route=\/wp\/v2\/posts\/33537","targetHints":{"allow":["GET"]}}],"collection":[{"href":"https:\/\/icoinformativo.mx\/home\/index.php?rest_route=\/wp\/v2\/posts"}],"about":[{"href":"https:\/\/icoinformativo.mx\/home\/index.php?rest_route=\/wp\/v2\/types\/post"}],"author":[{"embeddable":true,"href":"https:\/\/icoinformativo.mx\/home\/index.php?rest_route=\/wp\/v2\/users\/2"}],"replies":[{"embeddable":true,"href":"https:\/\/icoinformativo.mx\/home\/index.php?rest_route=%2Fwp%2Fv2%2Fcomments&post=33537"}],"version-history":[{"count":1,"href":"https:\/\/icoinformativo.mx\/home\/index.php?rest_route=\/wp\/v2\/posts\/33537\/revisions"}],"predecessor-version":[{"id":33539,"href":"https:\/\/icoinformativo.mx\/home\/index.php?rest_route=\/wp\/v2\/posts\/33537\/revisions\/33539"}],"wp:featuredmedia":[{"embeddable":true,"href":"https:\/\/icoinformativo.mx\/home\/index.php?rest_route=\/wp\/v2\/media\/33538"}],"wp:attachment":[{"href":"https:\/\/icoinformativo.mx\/home\/index.php?rest_route=%2Fwp%2Fv2%2Fmedia&parent=33537"}],"wp:term":[{"taxonomy":"category","embeddable":true,"href":"https:\/\/icoinformativo.mx\/home\/index.php?rest_route=%2Fwp%2Fv2%2Fcategories&post=33537"},{"taxonomy":"post_tag","embeddable":true,"href":"https:\/\/icoinformativo.mx\/home\/index.php?rest_route=%2Fwp%2Fv2%2Ftags&post=33537"}],"curies":[{"name":"wp","href":"https:\/\/api.w.org\/{rel}","templated":true}]}}