{"id":33533,"date":"2025-11-07T03:21:42","date_gmt":"2025-11-07T03:21:42","guid":{"rendered":"https:\/\/icoinformativo.mx\/home\/?p=33533"},"modified":"2025-11-07T03:21:42","modified_gmt":"2025-11-07T03:21:42","slug":"david-anuar-gonzalez-vazquez-ganador-del-premio-nacional-centroamericano-de-poesia-rodulfo-figueroa-2025","status":"publish","type":"post","link":"https:\/\/icoinformativo.mx\/home\/?p=33533","title":{"rendered":"David Anuar Gonz\u00e1lez V\u00e1zquez, ganador del Premio Nacional Centroamericano de Poes\u00eda Rodulfo Figueroa 2025"},"content":{"rendered":"<p>&nbsp;<\/p>\n<p>El jurado calificador tom\u00f3 en cuenta la construcci\u00f3n y belleza de sus im\u00e1genes al servicio de su conmovedora b\u00fasqueda del padre, as\u00ed como su contagiosa fascinaci\u00f3n por el universo de la geolog\u00eda<br \/>\nTuxtla Guti\u00e9rrez, Chiapas.- El Premio Nacional Centroamericano de Poes\u00eda Rodulfo Figueroa 2025, es para David Anuar Gonz\u00e1lez V\u00e1zquez, por el libro \u201cCompa\u00f1eros de juego\u201d, amparado con el seud\u00f3nimo \u201cMapache\u201d, marcado con el n\u00famero 14 de la lista.<br \/>\nDe acuerdo con el jurado calificador conformado por Miriam Moscona, Felipe Corral y Uberto Santos, decidi\u00f3 de manera un\u00e1nime brindar el premio a Gonz\u00e1lez V\u00e1zquez, ya que tom\u00f3 en cuenta la construcci\u00f3n y belleza de sus im\u00e1genes al servicio de su conmovedora b\u00fasqueda del padre, as\u00ed como su contagiosa fascinaci\u00f3n por el universo de la geolog\u00eda.<br \/>\nDicha dictaminaci\u00f3n se realiz\u00f3 de manera virtual el 3 de noviembre a las 10:00 horas, con el fin de deliberar el nombre del ganador de este concurso convocado el pasado 25 de mayo del a\u00f1o en curso por el Gobierno del Estado de Chiapas, a trav\u00e9s del Consejo Estatal para las Culturas y las Artes (Coneculta), en coordinaci\u00f3n con el Ayuntamiento de Cintalapa de Figueroa.<br \/>\nCabe destacar que el acto protocolario de la premiaci\u00f3n se realizar\u00e1 de manera presencial el d\u00eda 13 de noviembre, en la Casa de la Cultura de Cintalapa de Figueroa, en donde el poeta recibir\u00e1 un reconocimiento y un premio \u00fanico de 80 mil pesos.<br \/>\nDavid Anuar (Canc\u00fan, Q. Roo, 1989). Historiador, poeta, dramaturgo y traductor. Licenciado en Literatura Latinoamericana (UADY, 2013) y maestro en Historia (CIESAS, 2018). Becario de la Fundaci\u00f3n para las Letras Mexicanas (2018-2020), y de J\u00f3venes Creadores (2023). Residente del International Writing Program de la Universidad de lowa (2022).<br \/>\nHa ganado diversos premios como: Concurso de Cuento Corto Juan de la Cabada (2011), Premio Francisco Javier Clavijero (2019), Premio Estatal de Poes\u00eda Tiempos de Escritura (2020), Premio Nacional de Literatura Joven Salvador Gallardo D\u00e1valos (2020), Certamen de ensayo Luis Alberto Arellano (2021), y Premio Iberoamericano de Poes\u00eda Minerva Margarita Villarreal (2025).<br \/>\nEs autor de varios libros, entre los m\u00e1s recientes Memoria de Gabuch (ICAQROO, 2020; Capul\u00edn Taller Editorial, en prensa), Alguien hunde mi cabeza (Mantis Editores) 2021), Al fondo, a la derecha (F\u00f3sforo, 2022), Cartograf\u00eda para regresar (Libros del marqu\u00e9s, 2023), Distancia (Arboreto, 2024), y Un arque\u00f3logo desconocido (Libros del marqu\u00e9s, 2024).<\/p>\n","protected":false},"excerpt":{"rendered":"<p>&nbsp; El jurado calificador tom\u00f3 en cuenta la construcci\u00f3n y belleza de sus im\u00e1genes al&#8230;<\/p>\n","protected":false},"author":2,"featured_media":33534,"comment_status":"closed","ping_status":"closed","sticky":false,"template":"","format":"standard","meta":{"_joinchat":[],"footnotes":""},"categories":[18,1,2,3],"tags":[],"class_list":["post-33533","post","type-post","status-publish","format-standard","has-post-thumbnail","hentry","category-almomento","category-boletin","category-estado","category-health"],"_links":{"self":[{"href":"https:\/\/icoinformativo.mx\/home\/index.php?rest_route=\/wp\/v2\/posts\/33533","targetHints":{"allow":["GET"]}}],"collection":[{"href":"https:\/\/icoinformativo.mx\/home\/index.php?rest_route=\/wp\/v2\/posts"}],"about":[{"href":"https:\/\/icoinformativo.mx\/home\/index.php?rest_route=\/wp\/v2\/types\/post"}],"author":[{"embeddable":true,"href":"https:\/\/icoinformativo.mx\/home\/index.php?rest_route=\/wp\/v2\/users\/2"}],"replies":[{"embeddable":true,"href":"https:\/\/icoinformativo.mx\/home\/index.php?rest_route=%2Fwp%2Fv2%2Fcomments&post=33533"}],"version-history":[{"count":1,"href":"https:\/\/icoinformativo.mx\/home\/index.php?rest_route=\/wp\/v2\/posts\/33533\/revisions"}],"predecessor-version":[{"id":33535,"href":"https:\/\/icoinformativo.mx\/home\/index.php?rest_route=\/wp\/v2\/posts\/33533\/revisions\/33535"}],"wp:featuredmedia":[{"embeddable":true,"href":"https:\/\/icoinformativo.mx\/home\/index.php?rest_route=\/wp\/v2\/media\/33534"}],"wp:attachment":[{"href":"https:\/\/icoinformativo.mx\/home\/index.php?rest_route=%2Fwp%2Fv2%2Fmedia&parent=33533"}],"wp:term":[{"taxonomy":"category","embeddable":true,"href":"https:\/\/icoinformativo.mx\/home\/index.php?rest_route=%2Fwp%2Fv2%2Fcategories&post=33533"},{"taxonomy":"post_tag","embeddable":true,"href":"https:\/\/icoinformativo.mx\/home\/index.php?rest_route=%2Fwp%2Fv2%2Ftags&post=33533"}],"curies":[{"name":"wp","href":"https:\/\/api.w.org\/{rel}","templated":true}]}}