{"id":33530,"date":"2025-11-07T03:18:26","date_gmt":"2025-11-07T03:18:26","guid":{"rendered":"https:\/\/icoinformativo.mx\/home\/?p=33530"},"modified":"2025-11-07T03:18:26","modified_gmt":"2025-11-07T03:18:26","slug":"cecyt-43-la-laguna-impulsa-aprendizaje-sustentable-con-su-primera-cosecha-de-lechugas","status":"publish","type":"post","link":"https:\/\/icoinformativo.mx\/home\/?p=33530","title":{"rendered":"CECyT 43 La Laguna impulsa aprendizaje sustentable con su primera cosecha de lechugas"},"content":{"rendered":"<p>&nbsp;<\/p>\n<p>Estudiantes de la carrera de Forestal realizaron la primera cosecha de lechugas y participaron en el Tianguis Comunitario, fortaleciendo la educaci\u00f3n con sentido social y sustentable en el marco de la Nueva Escuela Mexicana<\/p>\n<p>&nbsp;<\/p>\n<p>La Laguna, municipio de Altamirano, Chiapas.- Estudiantes de 3\u00ba y 5\u00ba semestre de la carrera de Forestal del Colegio de Estudios Cient\u00edficos y Tecnol\u00f3gicos del Estado de Chiapas (Cecytech), Plantel 43 La Laguna, llevaron a cabo con \u00e9xito la primera cosecha de lechugas de la temporada, como parte de sus pr\u00e1cticas formativas orientadas al aprendizaje sustentable y a la vinculaci\u00f3n con la comunidad.<\/p>\n<p>&nbsp;<\/p>\n<p>Al respecto, la directora del plantel, Rosi Esmeralda Z\u00fa\u00f1iga V\u00e1zquez, destac\u00f3 que esta actividad se enmarca en los principios de la Nueva Escuela Mexicana, la cual impulsa una educaci\u00f3n con sentido social, inclusiva y transformadora, donde el conocimiento adquirido en las aulas se aplica en beneficio de la comunidad y del entorno local.<\/p>\n<p>&nbsp;<\/p>\n<p>Indic\u00f3 que el proyecto refuerza los conocimientos t\u00e9cnicos del alumnado en producci\u00f3n agroecol\u00f3gica y fomenta el aprovechamiento responsable de los recursos naturales, contribuyendo al desarrollo de una econom\u00eda local m\u00e1s sostenible. Asimismo, se\u00f1al\u00f3 que este tipo de actividades preparan a las y los j\u00f3venes para enfrentar los retos del sector productivo con una visi\u00f3n ambiental y de servicio social.<\/p>\n<p>&nbsp;<\/p>\n<p>Agradeci\u00f3 el compromiso del personal docente y del \u00e1rea t\u00e9cnica del plantel, quienes acompa\u00f1an los procesos de ense\u00f1anza pr\u00e1ctica y fortalecen la formaci\u00f3n integral del estudiantado a trav\u00e9s de proyectos reales que promueven el trabajo colaborativo y la conciencia ecol\u00f3gica.<\/p>\n<p>&nbsp;<\/p>\n<p>De igual forma, reconoci\u00f3 el respaldo de la Direcci\u00f3n General del Cecytech, a cargo de Luis Guadalupe Morales \u00c1ngeles, por fomentar estrategias que promueven la sustentabilidad, la innovaci\u00f3n y la vinculaci\u00f3n comunitaria, pilares fundamentales para consolidar la educaci\u00f3n media superior como motor de desarrollo en Chiapas.<\/p>\n<p>&nbsp;<\/p>\n<p>Finalmente, subray\u00f3 que con este tipo de acciones se contribuye al cumplimiento de la misi\u00f3n institucional del Cecytech: formar j\u00f3venes competentes con sentido social, conciencia ambiental y capacidades para incorporarse al mundo laboral, o continuar su formaci\u00f3n profesional aportando al bienestar y progreso de sus comunidades.<\/p>\n","protected":false},"excerpt":{"rendered":"<p>&nbsp; Estudiantes de la carrera de Forestal realizaron la primera cosecha de lechugas y participaron&#8230;<\/p>\n","protected":false},"author":2,"featured_media":33531,"comment_status":"closed","ping_status":"closed","sticky":false,"template":"","format":"standard","meta":{"_joinchat":[],"footnotes":""},"categories":[18,1,2,3],"tags":[],"class_list":["post-33530","post","type-post","status-publish","format-standard","has-post-thumbnail","hentry","category-almomento","category-boletin","category-estado","category-health"],"_links":{"self":[{"href":"https:\/\/icoinformativo.mx\/home\/index.php?rest_route=\/wp\/v2\/posts\/33530","targetHints":{"allow":["GET"]}}],"collection":[{"href":"https:\/\/icoinformativo.mx\/home\/index.php?rest_route=\/wp\/v2\/posts"}],"about":[{"href":"https:\/\/icoinformativo.mx\/home\/index.php?rest_route=\/wp\/v2\/types\/post"}],"author":[{"embeddable":true,"href":"https:\/\/icoinformativo.mx\/home\/index.php?rest_route=\/wp\/v2\/users\/2"}],"replies":[{"embeddable":true,"href":"https:\/\/icoinformativo.mx\/home\/index.php?rest_route=%2Fwp%2Fv2%2Fcomments&post=33530"}],"version-history":[{"count":1,"href":"https:\/\/icoinformativo.mx\/home\/index.php?rest_route=\/wp\/v2\/posts\/33530\/revisions"}],"predecessor-version":[{"id":33532,"href":"https:\/\/icoinformativo.mx\/home\/index.php?rest_route=\/wp\/v2\/posts\/33530\/revisions\/33532"}],"wp:featuredmedia":[{"embeddable":true,"href":"https:\/\/icoinformativo.mx\/home\/index.php?rest_route=\/wp\/v2\/media\/33531"}],"wp:attachment":[{"href":"https:\/\/icoinformativo.mx\/home\/index.php?rest_route=%2Fwp%2Fv2%2Fmedia&parent=33530"}],"wp:term":[{"taxonomy":"category","embeddable":true,"href":"https:\/\/icoinformativo.mx\/home\/index.php?rest_route=%2Fwp%2Fv2%2Fcategories&post=33530"},{"taxonomy":"post_tag","embeddable":true,"href":"https:\/\/icoinformativo.mx\/home\/index.php?rest_route=%2Fwp%2Fv2%2Ftags&post=33530"}],"curies":[{"name":"wp","href":"https:\/\/api.w.org\/{rel}","templated":true}]}}