{"id":33518,"date":"2025-11-07T03:08:21","date_gmt":"2025-11-07T03:08:21","guid":{"rendered":"https:\/\/icoinformativo.mx\/home\/?p=33518"},"modified":"2025-11-07T03:08:21","modified_gmt":"2025-11-07T03:08:21","slug":"proteccion-civil-presenta-denuncia-penal-por-incendio-presuntamente-provocado-en-la-colonia-plan-de-ayala","status":"publish","type":"post","link":"https:\/\/icoinformativo.mx\/home\/?p=33518","title":{"rendered":"Protecci\u00f3n Civil presenta denuncia penal por incendio presuntamente provocado en la colonia Plan de Ayala"},"content":{"rendered":"<p>&nbsp;<\/p>\n<p>&nbsp;<\/p>\n<p>Tuxtla Guti\u00e9rrez, Chiapas; 6 de noviembre de 2025.- La Secretar\u00eda de Protecci\u00f3n Civil de Chiapas interpuso una denuncia penal ante la Fiscal\u00eda Ambiental de la Fiscal\u00eda General del Estado (FGE), a fin de que se realicen las investigaciones correspondientes por un incendio presuntamente provocado en la colonia Plan de Ayala, el pasado martes.<\/p>\n<p>&nbsp;<\/p>\n<p>El incendio, atendido por el Equipo de Respuesta Inmediata (ERI) de esta Secretar\u00eda, en colaboraci\u00f3n con Protecci\u00f3n Civil municipal y el Cuerpo de Bomberos de Tuxtla Guti\u00e9rrez, se registr\u00f3 en un terreno bald\u00edo; de acuerdo con los primeros indicios, \u00e9ste fue intencional.<\/p>\n<p>&nbsp;<\/p>\n<p>Cabe precisar que ante el reporte del siniestro se realizaron las labores de combate y control del incendio, logrando sofocar el fuego exitosamente y evitando su propagaci\u00f3n hacia viviendas y \u00e1reas colindantes, con lo cual se protegi\u00f3 la integridad de las personas y se mitigaron da\u00f1os al entorno.<\/p>\n<p>&nbsp;<\/p>\n<p>Derivado de lo anterior y en estricto cumplimiento de la ley, la dependencia interpuso una denuncia penal ante la Fiscal\u00eda Ambiental de la FGE, con el prop\u00f3sito de que se realicen las investigaciones correspondientes y se deslinden responsabilidades.<\/p>\n<p>&nbsp;<\/p>\n<p>El gobernador del Estado, Eduardo Ram\u00edrez Aguilar, ha sido enf\u00e1tico en se\u00f1alar que no se tolerar\u00e1n actos que pongan en riesgo la seguridad de las personas ni el equilibrio ambiental.<\/p>\n<p>&nbsp;<\/p>\n<p>En ese sentido, la Secretar\u00eda de Protecci\u00f3n Civil reitera el llamado a la ciudadan\u00eda a evitar toda acci\u00f3n que pueda generar incendios, ya que estos no solo da\u00f1an el medio ambiente, sino que tambi\u00e9n ponen en peligro la vida y el patrimonio de las familias chiapanecas.<\/p>\n<p>&nbsp;<\/p>\n<p>Asimismo, se exhorta a la poblaci\u00f3n a reportar de inmediato cualquier quema o actividad sospechosa al n\u00famero de emergencias 911, o a trav\u00e9s de los canales oficiales de Protecci\u00f3n Civil, con el fin de actuar de manera oportuna y prevenir situaciones que puedan escalar a emergencias mayores.<\/p>\n<p>&nbsp;<\/p>\n<p>La Secretar\u00eda de Protecci\u00f3n Civil del Estado de Chiapas refrenda su compromiso con el cuidado del medio ambiente, la protecci\u00f3n de la vida humana y la salvaguarda de los bienes de la poblaci\u00f3n, en seguimiento a las pol\u00edticas humanistas y de responsabilidad social impulsadas por el mandatario estatal para construir un Chiapas m\u00e1s seguro, resiliente y solidario.<\/p>\n","protected":false},"excerpt":{"rendered":"<p>&nbsp; &nbsp; Tuxtla Guti\u00e9rrez, Chiapas; 6 de noviembre de 2025.- La Secretar\u00eda de Protecci\u00f3n Civil&#8230;<\/p>\n","protected":false},"author":2,"featured_media":33519,"comment_status":"closed","ping_status":"closed","sticky":false,"template":"","format":"standard","meta":{"_joinchat":[],"footnotes":""},"categories":[18,1,2,3],"tags":[],"class_list":["post-33518","post","type-post","status-publish","format-standard","has-post-thumbnail","hentry","category-almomento","category-boletin","category-estado","category-health"],"_links":{"self":[{"href":"https:\/\/icoinformativo.mx\/home\/index.php?rest_route=\/wp\/v2\/posts\/33518","targetHints":{"allow":["GET"]}}],"collection":[{"href":"https:\/\/icoinformativo.mx\/home\/index.php?rest_route=\/wp\/v2\/posts"}],"about":[{"href":"https:\/\/icoinformativo.mx\/home\/index.php?rest_route=\/wp\/v2\/types\/post"}],"author":[{"embeddable":true,"href":"https:\/\/icoinformativo.mx\/home\/index.php?rest_route=\/wp\/v2\/users\/2"}],"replies":[{"embeddable":true,"href":"https:\/\/icoinformativo.mx\/home\/index.php?rest_route=%2Fwp%2Fv2%2Fcomments&post=33518"}],"version-history":[{"count":1,"href":"https:\/\/icoinformativo.mx\/home\/index.php?rest_route=\/wp\/v2\/posts\/33518\/revisions"}],"predecessor-version":[{"id":33520,"href":"https:\/\/icoinformativo.mx\/home\/index.php?rest_route=\/wp\/v2\/posts\/33518\/revisions\/33520"}],"wp:featuredmedia":[{"embeddable":true,"href":"https:\/\/icoinformativo.mx\/home\/index.php?rest_route=\/wp\/v2\/media\/33519"}],"wp:attachment":[{"href":"https:\/\/icoinformativo.mx\/home\/index.php?rest_route=%2Fwp%2Fv2%2Fmedia&parent=33518"}],"wp:term":[{"taxonomy":"category","embeddable":true,"href":"https:\/\/icoinformativo.mx\/home\/index.php?rest_route=%2Fwp%2Fv2%2Fcategories&post=33518"},{"taxonomy":"post_tag","embeddable":true,"href":"https:\/\/icoinformativo.mx\/home\/index.php?rest_route=%2Fwp%2Fv2%2Ftags&post=33518"}],"curies":[{"name":"wp","href":"https:\/\/api.w.org\/{rel}","templated":true}]}}