{"id":33498,"date":"2025-11-05T02:59:18","date_gmt":"2025-11-05T02:59:18","guid":{"rendered":"https:\/\/icoinformativo.mx\/home\/?p=33498"},"modified":"2025-11-05T02:59:18","modified_gmt":"2025-11-05T02:59:18","slug":"se-fortalece-la-educacion-dual-con-capacitacion-en-el-cecyt-01-san-fernando","status":"publish","type":"post","link":"https:\/\/icoinformativo.mx\/home\/?p=33498","title":{"rendered":"Se fortalece la Educaci\u00f3n Dual con capacitaci\u00f3n en el CECyT 01 San Fernando"},"content":{"rendered":"<p>Con la capacitaci\u00f3n en Educaci\u00f3n Dual, el Cecytech avanza en la formaci\u00f3n de j\u00f3venes preparados para integrarse al mundo laboral con una visi\u00f3n humanista y transformadora<\/p>\n<p>San Fernando, Chiapas. \u2013 Con el objetivo de fortalecer la implementaci\u00f3n del modelo de Educaci\u00f3n Dual en los planteles del Colegio de Estudios Cient\u00edficos y Tecnol\u00f3gicos del Estado de Chiapas (Cecytech), se llev\u00f3 a cabo una jornada de capacitaci\u00f3n dirigida a personal acad\u00e9mico y directivo de la regi\u00f3n, teniendo como sede el CECyT 01 San Fernando.<\/p>\n<p>Durante la capacitaci\u00f3n, se presentaron estrategias orientadas a optimizar la operaci\u00f3n del modelo de Educaci\u00f3n Dual, el cual permite que las y los estudiantes complementen su formaci\u00f3n te\u00f3rica con experiencias pr\u00e1cticas en empresas y espacios productivos, contribuyendo as\u00ed a su desarrollo acad\u00e9mico, t\u00e9cnico y profesional.<\/p>\n<p>El encargado del CECyT 01 San Fernando, Jos\u00e9 Luis Guti\u00e9rrez M\u00e9ndez, destac\u00f3 la importancia de fortalecer la relaci\u00f3n entre los sectores educativo y productivo, subrayando que la capacitaci\u00f3n continua del personal docente es clave para garantizar programas duales de calidad y pertinencia.<\/p>\n<p>Asimismo, expres\u00f3 su agradecimiento a Luis Guadalupe Morales \u00c1ngeles, director general del Cecytech, por el respaldo brindado a los planteles para consolidar la Educaci\u00f3n Dual en el estado.<\/p>\n<p>En tanto, Eduardo Calder\u00f3n Cuevas, director en M\u00e9xico de GOPA por encargo de la Cooperaci\u00f3n Alemana (GIZ), resalt\u00f3 que la Educaci\u00f3n Dual fortalece los lazos de cooperaci\u00f3n internacional, ya que permite compartir modelos de \u00e9xito aplicados en otros pa\u00edses, adaptarlos a la realidad local y con ello ampliar las oportunidades de desarrollo para j\u00f3venes y empresas.<\/p>\n<p>Con acciones como esta, el Cecytech reafirma su compromiso con la mejora continua de sus procesos educativos y con la formaci\u00f3n de j\u00f3venes preparados para transformar positivamente el desarrollo social y econ\u00f3mico de Chiapas.<\/p>\n","protected":false},"excerpt":{"rendered":"<p>Con la capacitaci\u00f3n en Educaci\u00f3n Dual, el Cecytech avanza en la formaci\u00f3n de j\u00f3venes preparados&#8230;<\/p>\n","protected":false},"author":2,"featured_media":33499,"comment_status":"closed","ping_status":"closed","sticky":false,"template":"","format":"standard","meta":{"_joinchat":[],"footnotes":""},"categories":[18,1,2,3],"tags":[],"class_list":["post-33498","post","type-post","status-publish","format-standard","has-post-thumbnail","hentry","category-almomento","category-boletin","category-estado","category-health"],"_links":{"self":[{"href":"https:\/\/icoinformativo.mx\/home\/index.php?rest_route=\/wp\/v2\/posts\/33498","targetHints":{"allow":["GET"]}}],"collection":[{"href":"https:\/\/icoinformativo.mx\/home\/index.php?rest_route=\/wp\/v2\/posts"}],"about":[{"href":"https:\/\/icoinformativo.mx\/home\/index.php?rest_route=\/wp\/v2\/types\/post"}],"author":[{"embeddable":true,"href":"https:\/\/icoinformativo.mx\/home\/index.php?rest_route=\/wp\/v2\/users\/2"}],"replies":[{"embeddable":true,"href":"https:\/\/icoinformativo.mx\/home\/index.php?rest_route=%2Fwp%2Fv2%2Fcomments&post=33498"}],"version-history":[{"count":1,"href":"https:\/\/icoinformativo.mx\/home\/index.php?rest_route=\/wp\/v2\/posts\/33498\/revisions"}],"predecessor-version":[{"id":33500,"href":"https:\/\/icoinformativo.mx\/home\/index.php?rest_route=\/wp\/v2\/posts\/33498\/revisions\/33500"}],"wp:featuredmedia":[{"embeddable":true,"href":"https:\/\/icoinformativo.mx\/home\/index.php?rest_route=\/wp\/v2\/media\/33499"}],"wp:attachment":[{"href":"https:\/\/icoinformativo.mx\/home\/index.php?rest_route=%2Fwp%2Fv2%2Fmedia&parent=33498"}],"wp:term":[{"taxonomy":"category","embeddable":true,"href":"https:\/\/icoinformativo.mx\/home\/index.php?rest_route=%2Fwp%2Fv2%2Fcategories&post=33498"},{"taxonomy":"post_tag","embeddable":true,"href":"https:\/\/icoinformativo.mx\/home\/index.php?rest_route=%2Fwp%2Fv2%2Ftags&post=33498"}],"curies":[{"name":"wp","href":"https:\/\/api.w.org\/{rel}","templated":true}]}}