{"id":33481,"date":"2025-11-04T02:09:33","date_gmt":"2025-11-04T02:09:33","guid":{"rendered":"https:\/\/icoinformativo.mx\/home\/?p=33481"},"modified":"2025-11-04T02:09:33","modified_gmt":"2025-11-04T02:09:33","slug":"comitan-vibra-con-el-xxv-festival-internacional-rosario-castellanos-pluricultural-2025","status":"publish","type":"post","link":"https:\/\/icoinformativo.mx\/home\/?p=33481","title":{"rendered":"Comit\u00e1n vibra con el XXV Festival Internacional Rosario Castellanos Pluricultural 2025"},"content":{"rendered":"<p>&nbsp;<\/p>\n<p>&nbsp;<\/p>\n<p>El festival no solo celebr\u00f3 a una de nuestras m\u00e1s grandes escritoras, sino que reafirm\u00f3 el compromiso de Chiapas con la cultura viva, incluyente y transformadora<\/p>\n<p>&nbsp;<\/p>\n<p>Comit\u00e1n de Dom\u00ednguez, Chiapas.- Comit\u00e1n vibr\u00f3 durante los cinco d\u00edas del XXV Festival Internacional de las Culturas y las Artes Rosario Castellanos Pluricultural 2025, donde se vivieron momentos de encuentro, recreaci\u00f3n y gran algarab\u00eda.<\/p>\n<p>&nbsp;<\/p>\n<p>Organizado por el Gobierno del Estado, a trav\u00e9s del Consejo Estatal para las Culturas y las Artes de Chiapas (Coneculta) en coordinaci\u00f3n con el Ayuntamiento de Comit\u00e1n, el festival reuni\u00f3 a cerca de 30 escritoras y escritores, un centenar de creadoras y creadores comitecos de diversas disciplinas, de los m\u00e1s de 300 participantes que se presentaron en localidades de Comit\u00e1n o en los diversos foros, entre ellos artistas de otros pa\u00edses como Colombia, en una programaci\u00f3n diversa que celebr\u00f3 la riqueza cultural de nuestro estado, as\u00ed como propuestas literarias y art\u00edsticas de distintas disciplinas.<\/p>\n<p>&nbsp;<\/p>\n<p>La literatura fue protagonista a trav\u00e9s de ponencias, conversatorios, presentaciones de libros y lecturas en voz alta, que acercaron al p\u00fablico a nuevas voces en torno a la obra de Rosario Castellanos. Se realizaron conferencias y ponencias que invitaron a la reflexi\u00f3n sobre temas sociales, culturales y literarios. El festival tambi\u00e9n ofreci\u00f3 un conversatorio \u00edntimo con escritoras chiapanecas que compartieron su visi\u00f3n y experiencia creativa.<\/p>\n<p>&nbsp;<\/p>\n<p>Uno de los momentos m\u00e1s significativos fue la entrega del Premio Internacional de Novela Breve Rosario Castellanos 2025, al escritor chiapaneco Gabriel Vel\u00e1zquez Toledo, en una ceremonia que cont\u00f3 con la presencia de Gabriel Guerra Castellanos, hijo de Rosario; Ang\u00e9lica Altuzar Constantino, directora general del Coneculta; Mario Antonio Guill\u00e9n Dom\u00ednguez, presidente municipal; y Juan Carlos G\u00f3mez Aranda, coordinador de Asesores y Proyectos Estrat\u00e9gicos en representaci\u00f3n del gobernador Eduardo Ram\u00edrez.<\/p>\n<p>El galard\u00f3n de alcance internacional, reafirma el compromiso con la literatura como herramienta de transformaci\u00f3n, y fue motivo de orgullo al quedar en manos de un autor de nuestra tierra.<\/p>\n<p>&nbsp;<\/p>\n<p>La m\u00fasica teji\u00f3 puentes entre culturas con los conciertos que incluyeron propuestas locales, nacionales e internacionales. Destac\u00f3 el emotivo concierto de Tonana, acompa\u00f1ada por la poeta tojolabal Malu, en una fusi\u00f3n poderosa de canto y palabra ancestral. Mientras que, el proyecto Mujer de Viento, as\u00ed como Pablo Rodr\u00edguez y Gema Velasco musicalizaron poemas de Rosario Castellanos ofreciendo una experiencia sonora, \u00edntima y conmovedora.<\/p>\n<p>&nbsp;<\/p>\n<p>El foro principal del parque central, la feria del libro y el teatro Junchav\u00edn, tuvieron la presencia de obras esc\u00e9nicas que abordaron desde lo cl\u00e1sico hasta lo contempor\u00e1neo, incluyendo la dramatizaci\u00f3n de Kinsey Report.<\/p>\n<p>&nbsp;<\/p>\n<p>Las ni\u00f1as y los ni\u00f1os disfrutaron de obras de t\u00edteres, llevadas por las compa\u00f1\u00edas Salvadillo con Temperante y Licha Matita a comunidades como Se\u00f1or del Pozo y Palmira; La Cajita M\u00e1gica tambi\u00e9n estuvo presente, adem\u00e1s de actividades l\u00fadicas como la loter\u00eda literaria de Clara del Carmen Guill\u00e9n y el grupo de teatro Tierra Cero.<\/p>\n<p>&nbsp;<\/p>\n<p>El arte visual tambi\u00e9n se hizo presente con la exposici\u00f3n colectiva Obitus y la muestra fotogr\u00e1fica \u201cUn cielo sin fronteras\u201d, que revel\u00f3 archivo in\u00e9dito de Rosario Castellanos, acercando al p\u00fablico a su vida y legado desde una mirada \u00edntima.<\/p>\n<p>&nbsp;<\/p>\n<p>El festival dedic\u00f3 un d\u00eda especial a las juventudes, con agrupaciones de rock y ska como Excilia2 y La Sexta Vocal, que encendieron el \u00e1nimo del p\u00fablico joven y fomentaron el di\u00e1logo entre generaciones. Adem\u00e1s, se realiz\u00f3 un mosaico pluricultural con la participaci\u00f3n de cuatro regiones de Chiapas, que compartieron sus danzas, lenguas y tradiciones en un acto de uni\u00f3n y reconocimiento.<\/p>\n<p>&nbsp;<\/p>\n<p>As\u00ed, Comit\u00e1n se convirti\u00f3 en un gran escenario plural, donde las artes dialogaron con la memoria, la identidad y el futuro. El cierre del festival estuvo a cargo de la agrupaci\u00f3n colombiana \u201cLos Cumbia Stars\u201d, que puso a bailar a la gran audiencia reunida en el centro de la ciudad de Comit\u00e1n.<\/p>\n<p>&nbsp;<\/p>\n<p>El XXV Festival Internacional de las Culturas y las Artes Rosario Castellanos Pluricultural 2025, no solo celebr\u00f3 a una de nuestras m\u00e1s grandes escritoras, sino que reafirm\u00f3 el compromiso de Chiapas con la cultura viva, incluyente y transformadora.<\/p>\n","protected":false},"excerpt":{"rendered":"<p>&nbsp; &nbsp; El festival no solo celebr\u00f3 a una de nuestras m\u00e1s grandes escritoras, sino&#8230;<\/p>\n","protected":false},"author":2,"featured_media":33482,"comment_status":"closed","ping_status":"closed","sticky":false,"template":"","format":"standard","meta":{"_joinchat":[],"footnotes":""},"categories":[18,1,2,3],"tags":[],"class_list":["post-33481","post","type-post","status-publish","format-standard","has-post-thumbnail","hentry","category-almomento","category-boletin","category-estado","category-health"],"_links":{"self":[{"href":"https:\/\/icoinformativo.mx\/home\/index.php?rest_route=\/wp\/v2\/posts\/33481","targetHints":{"allow":["GET"]}}],"collection":[{"href":"https:\/\/icoinformativo.mx\/home\/index.php?rest_route=\/wp\/v2\/posts"}],"about":[{"href":"https:\/\/icoinformativo.mx\/home\/index.php?rest_route=\/wp\/v2\/types\/post"}],"author":[{"embeddable":true,"href":"https:\/\/icoinformativo.mx\/home\/index.php?rest_route=\/wp\/v2\/users\/2"}],"replies":[{"embeddable":true,"href":"https:\/\/icoinformativo.mx\/home\/index.php?rest_route=%2Fwp%2Fv2%2Fcomments&post=33481"}],"version-history":[{"count":1,"href":"https:\/\/icoinformativo.mx\/home\/index.php?rest_route=\/wp\/v2\/posts\/33481\/revisions"}],"predecessor-version":[{"id":33483,"href":"https:\/\/icoinformativo.mx\/home\/index.php?rest_route=\/wp\/v2\/posts\/33481\/revisions\/33483"}],"wp:featuredmedia":[{"embeddable":true,"href":"https:\/\/icoinformativo.mx\/home\/index.php?rest_route=\/wp\/v2\/media\/33482"}],"wp:attachment":[{"href":"https:\/\/icoinformativo.mx\/home\/index.php?rest_route=%2Fwp%2Fv2%2Fmedia&parent=33481"}],"wp:term":[{"taxonomy":"category","embeddable":true,"href":"https:\/\/icoinformativo.mx\/home\/index.php?rest_route=%2Fwp%2Fv2%2Fcategories&post=33481"},{"taxonomy":"post_tag","embeddable":true,"href":"https:\/\/icoinformativo.mx\/home\/index.php?rest_route=%2Fwp%2Fv2%2Ftags&post=33481"}],"curies":[{"name":"wp","href":"https:\/\/api.w.org\/{rel}","templated":true}]}}