{"id":33475,"date":"2025-11-04T01:58:13","date_gmt":"2025-11-04T01:58:13","guid":{"rendered":"https:\/\/icoinformativo.mx\/home\/?p=33475"},"modified":"2025-11-04T01:58:13","modified_gmt":"2025-11-04T01:58:13","slug":"iap-chiapas-y-archivo-general-del-estado-fortalecen-la-gestion-documental-en-los-municipios","status":"publish","type":"post","link":"https:\/\/icoinformativo.mx\/home\/?p=33475","title":{"rendered":"IAP Chiapas y Archivo General del Estado fortalecen la gesti\u00f3n documental en los municipios"},"content":{"rendered":"<p>&nbsp;<\/p>\n<p>&nbsp;<\/p>\n<p>Encabezan reuni\u00f3n Lysette Raquel Lameiro Camacho, presidenta del Consejo Directivo del Instituto de Administraci\u00f3n P\u00fablica del Estado de Chiapas y Carlos Rom\u00e1n Garc\u00eda, director general del Archivo General del Estado de Chiapas<\/p>\n<p>&nbsp;<\/p>\n<p>Tuxtla Guti\u00e9rrez, Chiapas; lunes 3 de noviembre de 2025.-El Instituto de Administraci\u00f3n P\u00fablica del Estado de Chiapas (IAP Chiapas), que preside Lysette Raquel Lameiro Camacho, sostuvo una reuni\u00f3n de trabajo con Carlos Rom\u00e1n Garc\u00eda, director general del Archivo General del Estado de Chiapas, con el prop\u00f3sito de establecer las bases para la firma de un convenio interinstitucional.<\/p>\n<p>&nbsp;<\/p>\n<p>Durante el encuentro, Lameiro Camacho destac\u00f3 que este acuerdo permitir\u00e1 fortalecer las capacidades institucionales de los municipios en materia de archivos y documentaci\u00f3n oficial, promoviendo la transparencia y la rendici\u00f3n de cuentas conforme a la normatividad del patrimonio documental estatal.<\/p>\n<p>&nbsp;<\/p>\n<p>Por su parte, Carlos Rom\u00e1n Garc\u00eda subray\u00f3 que esta colaboraci\u00f3n contribuir\u00e1 a la adecuada organizaci\u00f3n y conservaci\u00f3n de los archivos, en cumplimiento con el art\u00edculo 79 del Registro Nacional de Archivos, reafirmando el compromiso de ambas instituciones de trabajar de manera conjunta en beneficio del fortalecimiento institucional en la entidad.<\/p>\n","protected":false},"excerpt":{"rendered":"<p>&nbsp; &nbsp; Encabezan reuni\u00f3n Lysette Raquel Lameiro Camacho, presidenta del Consejo Directivo del Instituto de&#8230;<\/p>\n","protected":false},"author":2,"featured_media":33476,"comment_status":"closed","ping_status":"closed","sticky":false,"template":"","format":"standard","meta":{"_joinchat":[],"footnotes":""},"categories":[18,1,2,3],"tags":[],"class_list":["post-33475","post","type-post","status-publish","format-standard","has-post-thumbnail","hentry","category-almomento","category-boletin","category-estado","category-health"],"_links":{"self":[{"href":"https:\/\/icoinformativo.mx\/home\/index.php?rest_route=\/wp\/v2\/posts\/33475","targetHints":{"allow":["GET"]}}],"collection":[{"href":"https:\/\/icoinformativo.mx\/home\/index.php?rest_route=\/wp\/v2\/posts"}],"about":[{"href":"https:\/\/icoinformativo.mx\/home\/index.php?rest_route=\/wp\/v2\/types\/post"}],"author":[{"embeddable":true,"href":"https:\/\/icoinformativo.mx\/home\/index.php?rest_route=\/wp\/v2\/users\/2"}],"replies":[{"embeddable":true,"href":"https:\/\/icoinformativo.mx\/home\/index.php?rest_route=%2Fwp%2Fv2%2Fcomments&post=33475"}],"version-history":[{"count":1,"href":"https:\/\/icoinformativo.mx\/home\/index.php?rest_route=\/wp\/v2\/posts\/33475\/revisions"}],"predecessor-version":[{"id":33477,"href":"https:\/\/icoinformativo.mx\/home\/index.php?rest_route=\/wp\/v2\/posts\/33475\/revisions\/33477"}],"wp:featuredmedia":[{"embeddable":true,"href":"https:\/\/icoinformativo.mx\/home\/index.php?rest_route=\/wp\/v2\/media\/33476"}],"wp:attachment":[{"href":"https:\/\/icoinformativo.mx\/home\/index.php?rest_route=%2Fwp%2Fv2%2Fmedia&parent=33475"}],"wp:term":[{"taxonomy":"category","embeddable":true,"href":"https:\/\/icoinformativo.mx\/home\/index.php?rest_route=%2Fwp%2Fv2%2Fcategories&post=33475"},{"taxonomy":"post_tag","embeddable":true,"href":"https:\/\/icoinformativo.mx\/home\/index.php?rest_route=%2Fwp%2Fv2%2Ftags&post=33475"}],"curies":[{"name":"wp","href":"https:\/\/api.w.org\/{rel}","templated":true}]}}