{"id":33469,"date":"2025-11-03T03:13:20","date_gmt":"2025-11-03T03:13:20","guid":{"rendered":"https:\/\/icoinformativo.mx\/home\/?p=33469"},"modified":"2025-11-03T03:13:20","modified_gmt":"2025-11-03T03:13:20","slug":"condeno-con-absoluta-firmeza-el-vil-asesinato-del-presidente-municipal-de-uruapan-carlos-manzo-expreso-mis-mas-sinceras-condolencias-a-su-familia-y-seres-queridos-asi-como-al-pueblo-de-uruapan-ante","status":"publish","type":"post","link":"https:\/\/icoinformativo.mx\/home\/?p=33469","title":{"rendered":"Condeno con absoluta firmeza el vil asesinato del presidente municipal de Uruapan, Carlos Manzo. Expreso mis m\u00e1s sinceras condolencias a su familia y seres queridos, as\u00ed como al pueblo de Uruapan ante esta irreparable p\u00e9rdida."},"content":{"rendered":"<p>&nbsp;<\/p>\n<p>Desde el momento en que se tuvo conocimiento de este grave hecho, habl\u00e9 con el gobernador de Michoac\u00e1n y el secretario de Seguridad y Protecci\u00f3n Ciudadana, Omar Garc\u00eda Harfuch, quien ha mantenido comunicaci\u00f3n constante con el fiscal del estado.<\/p>\n<p>&nbsp;<\/p>\n<p>Hoy convoqu\u00e9 a Gabinete de Seguridad para garantizar el apoyo a Michoac\u00e1n y que no haya impunidad. Los mandos territoriales de Defensa y Guardia Nacional manten\u00edan comunicaci\u00f3n con el alcalde y contaba con protecci\u00f3n federal.<\/p>\n<p>&nbsp;<\/p>\n<p>El Gabinete de Seguridad dar\u00e1 una conferencia de prensa para informar con transparencia los avances en la indagatoria de este caso.<\/p>\n<p>&nbsp;<\/p>\n<p>Desde el inicio de esta administraci\u00f3n hemos reforzado la Estrategia de Seguridad. Estos hechos tan lamentables nos impulsan a fortalecerla a\u00fan m\u00e1s.<\/p>\n<p>&nbsp;<\/p>\n<p>Reafirmamos nuestro compromiso de poner todos los esfuerzos del Estado para alcanzar la paz y la seguridad con cero impunidad y justicia.<\/p>\n<p>&nbsp;<\/p>\n<p>Claudia Sheinbaum Pardo @Claudiashein<\/p>\n<p>https:\/\/x.com\/Claudiashein\/status\/1985018517864010118<\/p>\n<p>&nbsp;<\/p>\n<p>Liga para descargar el video en alta calidad del mensaje del secretario de Seguridad y Protecci\u00f3n Ciudadana, Omar Garc\u00eda Harfuch.<\/p>\n<p>https:\/\/we.tl\/t-c9O6hWQw4p<\/p>\n<p>&nbsp;<\/p>\n<p>Liga para descargar el video en alta calidad del mensaje del General Secretario de Defensa, Ricardo Trevilla Trejo.<\/p>\n<p>https:\/\/we.tl\/t-FFOLXOAxVT<\/p>\n","protected":false},"excerpt":{"rendered":"<p>&nbsp; Desde el momento en que se tuvo conocimiento de este grave hecho, habl\u00e9 con&#8230;<\/p>\n","protected":false},"author":2,"featured_media":33470,"comment_status":"closed","ping_status":"closed","sticky":false,"template":"","format":"standard","meta":{"_joinchat":[],"footnotes":""},"categories":[18,1,2,3],"tags":[],"class_list":["post-33469","post","type-post","status-publish","format-standard","has-post-thumbnail","hentry","category-almomento","category-boletin","category-estado","category-health"],"_links":{"self":[{"href":"https:\/\/icoinformativo.mx\/home\/index.php?rest_route=\/wp\/v2\/posts\/33469","targetHints":{"allow":["GET"]}}],"collection":[{"href":"https:\/\/icoinformativo.mx\/home\/index.php?rest_route=\/wp\/v2\/posts"}],"about":[{"href":"https:\/\/icoinformativo.mx\/home\/index.php?rest_route=\/wp\/v2\/types\/post"}],"author":[{"embeddable":true,"href":"https:\/\/icoinformativo.mx\/home\/index.php?rest_route=\/wp\/v2\/users\/2"}],"replies":[{"embeddable":true,"href":"https:\/\/icoinformativo.mx\/home\/index.php?rest_route=%2Fwp%2Fv2%2Fcomments&post=33469"}],"version-history":[{"count":1,"href":"https:\/\/icoinformativo.mx\/home\/index.php?rest_route=\/wp\/v2\/posts\/33469\/revisions"}],"predecessor-version":[{"id":33471,"href":"https:\/\/icoinformativo.mx\/home\/index.php?rest_route=\/wp\/v2\/posts\/33469\/revisions\/33471"}],"wp:featuredmedia":[{"embeddable":true,"href":"https:\/\/icoinformativo.mx\/home\/index.php?rest_route=\/wp\/v2\/media\/33470"}],"wp:attachment":[{"href":"https:\/\/icoinformativo.mx\/home\/index.php?rest_route=%2Fwp%2Fv2%2Fmedia&parent=33469"}],"wp:term":[{"taxonomy":"category","embeddable":true,"href":"https:\/\/icoinformativo.mx\/home\/index.php?rest_route=%2Fwp%2Fv2%2Fcategories&post=33469"},{"taxonomy":"post_tag","embeddable":true,"href":"https:\/\/icoinformativo.mx\/home\/index.php?rest_route=%2Fwp%2Fv2%2Ftags&post=33469"}],"curies":[{"name":"wp","href":"https:\/\/api.w.org\/{rel}","templated":true}]}}