{"id":33457,"date":"2025-11-03T02:53:39","date_gmt":"2025-11-03T02:53:39","guid":{"rendered":"https:\/\/icoinformativo.mx\/home\/?p=33457"},"modified":"2025-11-03T02:53:39","modified_gmt":"2025-11-03T02:53:39","slug":"cecytech-impulsa-la-participacion-juvenil-en-el-festival-nacional-de-arte-y-cultura-2025","status":"publish","type":"post","link":"https:\/\/icoinformativo.mx\/home\/?p=33457","title":{"rendered":"Cecytech impulsa la participaci\u00f3n juvenil en el Festival Nacional de Arte y Cultura 2025"},"content":{"rendered":"<p>&nbsp;<\/p>\n<p>&nbsp;<\/p>\n<p>La delegaci\u00f3n del Cecytech Chiapas particip\u00f3 en el Festival Nacional de Arte y Cultura 2025, donde j\u00f3venes de distintos planteles demostraron su creatividad, disciplina y amor por las expresiones art\u00edsticas<\/p>\n<p>&nbsp;<\/p>\n<p>Bah\u00eda de Banderas, Nayarit.\u2013 Con entusiasmo y esp\u00edritu de colaboraci\u00f3n, el Colegio de Estudios Cient\u00edficos y Tecnol\u00f3gicos del Estado de Chiapas (Cecytech) concluy\u00f3 su participaci\u00f3n en el XXVII Festival Nacional de Arte y Cultura (FNAC) de los CECyTE 2025, evento que reuni\u00f3 a representantes de todo el pa\u00eds para celebrar la creatividad, la identidad y el talento juvenil.<\/p>\n<p>&nbsp;<\/p>\n<p>Durante el encuentro, realizado del 27 al 31 de octubre en Bah\u00eda de Banderas, las y los estudiantes del Cecytech destacaron por su compromiso y entrega en las disciplinas de canto, declamaci\u00f3n, danza folkl\u00f3rica, cuento corto, poes\u00eda, oratoria, pintura, fotograf\u00eda, escultura, dibujo y escolta, reafirmando el papel del arte como parte fundamental de su formaci\u00f3n integral.<\/p>\n<p>&nbsp;<\/p>\n<p>El director general del Cecytech, Luis Guadalupe Morales \u00c1ngeles, reconoci\u00f3 la valiosa participaci\u00f3n de la delegaci\u00f3n chiapaneca y subray\u00f3 que cada presentaci\u00f3n fue muestra del talento y dedicaci\u00f3n que caracteriza a la juventud del Colegio. \u201cM\u00e1s all\u00e1 de los resultados, su esfuerzo refleja los valores de identidad, disciplina y amor por Chiapas\u201d, destac\u00f3.<\/p>\n<p>&nbsp;<\/p>\n<p>Asimismo, Rogelio Denis Casta\u00f1eda, director acad\u00e9mico del Colegio, se\u00f1al\u00f3 que esta experiencia nacional representa un espacio de aprendizaje y crecimiento para las y los estudiantes, al fomentar la convivencia, el trabajo en equipo y la apreciaci\u00f3n de la diversidad cultural que caracteriza a los CECyTE del pa\u00eds.<\/p>\n<p>&nbsp;<\/p>\n<p>Las y los representantes del Cecytech convivieron con m\u00e1s de 230 j\u00f3venes de distintos estados, compartiendo escenarios, experiencias y expresiones art\u00edsticas que fortalecieron su sensibilidad y compromiso con la cultura. Esta participaci\u00f3n reafirma la misi\u00f3n del Colegio de impulsar el arte como veh\u00edculo para el desarrollo humano, social y educativo.<\/p>\n<p>&nbsp;<\/p>\n<p>Con esta destacada participaci\u00f3n en el FNAC Nayarit 2025, el Cecytech reafirma su compromiso con la formaci\u00f3n integral de sus estudiantes, brind\u00e1ndoles espacios para descubrir y proyectar su talento.<\/p>\n<p>&nbsp;<\/p>\n<p>La instituci\u00f3n continuar\u00e1 promoviendo actividades art\u00edsticas y culturales que fortalezcan la identidad chiapaneca y el esp\u00edritu transformador de su comunidad educativa.<\/p>\n","protected":false},"excerpt":{"rendered":"<p>&nbsp; &nbsp; La delegaci\u00f3n del Cecytech Chiapas particip\u00f3 en el Festival Nacional de Arte y&#8230;<\/p>\n","protected":false},"author":2,"featured_media":33458,"comment_status":"closed","ping_status":"closed","sticky":false,"template":"","format":"standard","meta":{"_joinchat":[],"footnotes":""},"categories":[18,1,2,3],"tags":[],"class_list":["post-33457","post","type-post","status-publish","format-standard","has-post-thumbnail","hentry","category-almomento","category-boletin","category-estado","category-health"],"_links":{"self":[{"href":"https:\/\/icoinformativo.mx\/home\/index.php?rest_route=\/wp\/v2\/posts\/33457","targetHints":{"allow":["GET"]}}],"collection":[{"href":"https:\/\/icoinformativo.mx\/home\/index.php?rest_route=\/wp\/v2\/posts"}],"about":[{"href":"https:\/\/icoinformativo.mx\/home\/index.php?rest_route=\/wp\/v2\/types\/post"}],"author":[{"embeddable":true,"href":"https:\/\/icoinformativo.mx\/home\/index.php?rest_route=\/wp\/v2\/users\/2"}],"replies":[{"embeddable":true,"href":"https:\/\/icoinformativo.mx\/home\/index.php?rest_route=%2Fwp%2Fv2%2Fcomments&post=33457"}],"version-history":[{"count":1,"href":"https:\/\/icoinformativo.mx\/home\/index.php?rest_route=\/wp\/v2\/posts\/33457\/revisions"}],"predecessor-version":[{"id":33459,"href":"https:\/\/icoinformativo.mx\/home\/index.php?rest_route=\/wp\/v2\/posts\/33457\/revisions\/33459"}],"wp:featuredmedia":[{"embeddable":true,"href":"https:\/\/icoinformativo.mx\/home\/index.php?rest_route=\/wp\/v2\/media\/33458"}],"wp:attachment":[{"href":"https:\/\/icoinformativo.mx\/home\/index.php?rest_route=%2Fwp%2Fv2%2Fmedia&parent=33457"}],"wp:term":[{"taxonomy":"category","embeddable":true,"href":"https:\/\/icoinformativo.mx\/home\/index.php?rest_route=%2Fwp%2Fv2%2Fcategories&post=33457"},{"taxonomy":"post_tag","embeddable":true,"href":"https:\/\/icoinformativo.mx\/home\/index.php?rest_route=%2Fwp%2Fv2%2Ftags&post=33457"}],"curies":[{"name":"wp","href":"https:\/\/api.w.org\/{rel}","templated":true}]}}