{"id":33451,"date":"2025-11-01T02:42:06","date_gmt":"2025-11-01T02:42:06","guid":{"rendered":"https:\/\/icoinformativo.mx\/home\/?p=33451"},"modified":"2025-11-01T02:42:06","modified_gmt":"2025-11-01T02:42:06","slug":"educar-con-espiritu-de-lekil-kuxlejal-chiapas-y-unicef-por-la-ninez-en-movilidad","status":"publish","type":"post","link":"https:\/\/icoinformativo.mx\/home\/?p=33451","title":{"rendered":"Educar con esp\u00edritu de Lekil Kuxlejal: Chiapas y Unicef por la ni\u00f1ez en movilidad"},"content":{"rendered":"<p>&nbsp;<\/p>\n<p>El taller reuni\u00f3 a 33 preparatorias de las regiones Sierra, Costa y Soconusco<\/p>\n<p>Como parte del proyecto de transformaci\u00f3n educativa impulsado por el secretario de Educaci\u00f3n, Roger Mandujano, se llev\u00f3 a cabo la \u201cJornada de Concientizaci\u00f3n para Garantizar el Derecho a la Educaci\u00f3n de Ni\u00f1as, Ni\u00f1os, Adolescentes y J\u00f3venes en Situaci\u00f3n de Movilidad\u201d, con la participaci\u00f3n de docentes de preparatorias estatales y el acompa\u00f1amiento del Fondo de las Naciones Unidas para la Infancia (Unicef).<\/p>\n<p>Inspirada en el principio del Lekil Kuxlejal (Buen Vivir) promovido por el secretario Mandujano, y en sinton\u00eda con los ejes de la Nueva Escuela Mexicana (NEM), esta acci\u00f3n busca transformar realidades de exclusi\u00f3n y desigualdad, colocando en el centro las emociones, contextos y sue\u00f1os de cada estudiante en situaci\u00f3n de movilidad, en congruencia con la visi\u00f3n humanista del gobernador Eduardo Ram\u00edrez Aguilar.<\/p>\n<p>Estas acciones reafirman el compromiso del titular educativo con el derecho universal a la educaci\u00f3n como una agenda prioritaria dentro de la transformaci\u00f3n educativa, beneficiando a m\u00e1s de dos mil 300 alumnos del Programa de Educaci\u00f3n Migrante en Chiapas (PEMCH), presentes en municipios como Tapachula, Huehuet\u00e1n, Cacahoat\u00e1n, Tuxtla Chico, Motozintla, Berrioz\u00e1bal, Tuxtla Guti\u00e9rrez y \u00c1ngel Albino Corzo.<\/p>\n<p>Durante el encuentro se compartieron experiencias y estrategias basadas en la flexibilidad, adaptaci\u00f3n y planeaci\u00f3n educativa, con un enfoque multiling\u00fce, multicultural, multinivel y multifase, bajo los principios de la NEM y en el marco del proyecto Educaci\u00f3n sin Fronteras, que une a pa\u00edses como Honduras, Guatemala, Venezuela, Cuba, Chile, Hait\u00ed, El Salvador y Nicaragua, en favor de una educaci\u00f3n que trasciende l\u00edmites y fronteras.<\/p>\n<p>Esta jornada nos recuerda que cada aula puede ser un punto de encuentro entre culturas, historias y esperanzas, por lo que Chiapas avanza hacia una educaci\u00f3n m\u00e1s humana, diversa e incluyente, donde aprender tambi\u00e9n significa abrir el coraz\u00f3n al mundo.<\/p>\n","protected":false},"excerpt":{"rendered":"<p>&nbsp; El taller reuni\u00f3 a 33 preparatorias de las regiones Sierra, Costa y Soconusco Como&#8230;<\/p>\n","protected":false},"author":2,"featured_media":33452,"comment_status":"closed","ping_status":"closed","sticky":false,"template":"","format":"standard","meta":{"_joinchat":[],"footnotes":""},"categories":[18,1,2,3],"tags":[],"class_list":["post-33451","post","type-post","status-publish","format-standard","has-post-thumbnail","hentry","category-almomento","category-boletin","category-estado","category-health"],"_links":{"self":[{"href":"https:\/\/icoinformativo.mx\/home\/index.php?rest_route=\/wp\/v2\/posts\/33451","targetHints":{"allow":["GET"]}}],"collection":[{"href":"https:\/\/icoinformativo.mx\/home\/index.php?rest_route=\/wp\/v2\/posts"}],"about":[{"href":"https:\/\/icoinformativo.mx\/home\/index.php?rest_route=\/wp\/v2\/types\/post"}],"author":[{"embeddable":true,"href":"https:\/\/icoinformativo.mx\/home\/index.php?rest_route=\/wp\/v2\/users\/2"}],"replies":[{"embeddable":true,"href":"https:\/\/icoinformativo.mx\/home\/index.php?rest_route=%2Fwp%2Fv2%2Fcomments&post=33451"}],"version-history":[{"count":1,"href":"https:\/\/icoinformativo.mx\/home\/index.php?rest_route=\/wp\/v2\/posts\/33451\/revisions"}],"predecessor-version":[{"id":33453,"href":"https:\/\/icoinformativo.mx\/home\/index.php?rest_route=\/wp\/v2\/posts\/33451\/revisions\/33453"}],"wp:featuredmedia":[{"embeddable":true,"href":"https:\/\/icoinformativo.mx\/home\/index.php?rest_route=\/wp\/v2\/media\/33452"}],"wp:attachment":[{"href":"https:\/\/icoinformativo.mx\/home\/index.php?rest_route=%2Fwp%2Fv2%2Fmedia&parent=33451"}],"wp:term":[{"taxonomy":"category","embeddable":true,"href":"https:\/\/icoinformativo.mx\/home\/index.php?rest_route=%2Fwp%2Fv2%2Fcategories&post=33451"},{"taxonomy":"post_tag","embeddable":true,"href":"https:\/\/icoinformativo.mx\/home\/index.php?rest_route=%2Fwp%2Fv2%2Ftags&post=33451"}],"curies":[{"name":"wp","href":"https:\/\/api.w.org\/{rel}","templated":true}]}}