{"id":33414,"date":"2025-10-30T02:32:15","date_gmt":"2025-10-30T02:32:15","guid":{"rendered":"https:\/\/icoinformativo.mx\/home\/?p=33414"},"modified":"2025-10-30T02:32:15","modified_gmt":"2025-10-30T02:32:15","slug":"cobach-fortalece-la-identidad-cultural-con-la-exposicion-de-altares-de-dia-de-muertos","status":"publish","type":"post","link":"https:\/\/icoinformativo.mx\/home\/?p=33414","title":{"rendered":"Cobach fortalece la identidad cultural con la exposici\u00f3n de altares de D\u00eda de Muertos"},"content":{"rendered":"<p>&nbsp;<\/p>\n<p>El director general, Miguel Prado de los Santos, reconoci\u00f3 la creatividad y dedicaci\u00f3n de las y los participantes<\/p>\n<p>Tuxtla Guti\u00e9rrez, Chiapas; 29 de octubre de 2025.\u2013 En el marco de la celebraci\u00f3n del D\u00eda de Muertos, el Colegio de Bachilleres de Chiapas (Cobach) realiz\u00f3 la tradicional demostraci\u00f3n de altares, donde particip\u00f3 el personal de todas las \u00e1reas que integran la administraci\u00f3n central de la instituci\u00f3n.<\/p>\n<p>Durante el recorrido en las exhibiciones, que estuvieron acompa\u00f1adas de m\u00fasica tradicional y trajes t\u00edpicos, el director general del Cobach, Miguel Prado de los Santos, reconoci\u00f3 el talento, la creatividad y el compromiso del personal por mantener vivas las tradiciones que fortalecen la identidad cultural.<\/p>\n<p>En esta edici\u00f3n se realizaron representaciones de distintas regiones y \u00e9pocas, incluyendo ofrendas inspiradas en las tradiciones zoques y en las ceremonias previas a la colonizaci\u00f3n. Adem\u00e1s, el personal dio un toque especial a la jornada al caracterizarse como catrinas y catrines, llenando de color y simbolismo cada espacio.<\/p>\n<p>En un ambiente de alegr\u00eda y compa\u00f1erismo, se felicit\u00f3 a las y los participantes por su dedicaci\u00f3n y trabajo en equipo, destacando que estas actividades fomentan la unidad y el orgullo de pertenecer a la familia cobachense.<\/p>\n<p>Los altares estar\u00e1n en exposici\u00f3n en el patio principal hasta el 3 de noviembre, en un espacio ambientado a esta tradicional festividad haciendo alusi\u00f3n a la invitaci\u00f3n del Xibalbalam, en donde se promueve esta conmemoraci\u00f3n llena de color y misticismo.<\/p>\n","protected":false},"excerpt":{"rendered":"<p>&nbsp; El director general, Miguel Prado de los Santos, reconoci\u00f3 la creatividad y dedicaci\u00f3n de&#8230;<\/p>\n","protected":false},"author":2,"featured_media":33415,"comment_status":"closed","ping_status":"closed","sticky":false,"template":"","format":"standard","meta":{"_joinchat":[],"footnotes":""},"categories":[18,1,2,3],"tags":[],"class_list":["post-33414","post","type-post","status-publish","format-standard","has-post-thumbnail","hentry","category-almomento","category-boletin","category-estado","category-health"],"_links":{"self":[{"href":"https:\/\/icoinformativo.mx\/home\/index.php?rest_route=\/wp\/v2\/posts\/33414","targetHints":{"allow":["GET"]}}],"collection":[{"href":"https:\/\/icoinformativo.mx\/home\/index.php?rest_route=\/wp\/v2\/posts"}],"about":[{"href":"https:\/\/icoinformativo.mx\/home\/index.php?rest_route=\/wp\/v2\/types\/post"}],"author":[{"embeddable":true,"href":"https:\/\/icoinformativo.mx\/home\/index.php?rest_route=\/wp\/v2\/users\/2"}],"replies":[{"embeddable":true,"href":"https:\/\/icoinformativo.mx\/home\/index.php?rest_route=%2Fwp%2Fv2%2Fcomments&post=33414"}],"version-history":[{"count":1,"href":"https:\/\/icoinformativo.mx\/home\/index.php?rest_route=\/wp\/v2\/posts\/33414\/revisions"}],"predecessor-version":[{"id":33416,"href":"https:\/\/icoinformativo.mx\/home\/index.php?rest_route=\/wp\/v2\/posts\/33414\/revisions\/33416"}],"wp:featuredmedia":[{"embeddable":true,"href":"https:\/\/icoinformativo.mx\/home\/index.php?rest_route=\/wp\/v2\/media\/33415"}],"wp:attachment":[{"href":"https:\/\/icoinformativo.mx\/home\/index.php?rest_route=%2Fwp%2Fv2%2Fmedia&parent=33414"}],"wp:term":[{"taxonomy":"category","embeddable":true,"href":"https:\/\/icoinformativo.mx\/home\/index.php?rest_route=%2Fwp%2Fv2%2Fcategories&post=33414"},{"taxonomy":"post_tag","embeddable":true,"href":"https:\/\/icoinformativo.mx\/home\/index.php?rest_route=%2Fwp%2Fv2%2Ftags&post=33414"}],"curies":[{"name":"wp","href":"https:\/\/api.w.org\/{rel}","templated":true}]}}