{"id":33411,"date":"2025-10-30T02:29:56","date_gmt":"2025-10-30T02:29:56","guid":{"rendered":"https:\/\/icoinformativo.mx\/home\/?p=33411"},"modified":"2025-10-30T02:29:56","modified_gmt":"2025-10-30T02:29:56","slug":"delegaciones-educativas-dan-vida-a-la-chiapanequidad-con-altares-que-honran-la-tradicion","status":"publish","type":"post","link":"https:\/\/icoinformativo.mx\/home\/?p=33411","title":{"rendered":"Delegaciones educativas dan vida a la chiapanequidad con altares que honran la tradici\u00f3n"},"content":{"rendered":"<p>&nbsp;<\/p>\n<p>&nbsp;<\/p>\n<p>El esp\u00edritu del Lekil Kuxlejal se vivi\u00f3 en cada las representaciones culturales<\/p>\n<p>&nbsp;<\/p>\n<p>&nbsp;<\/p>\n<p>\u201cVamos a morir y para morir bien hay que vivir en el presente. Nunca olvidemos eso, nuestros muertos siguen con nosotros (\u2026) Todos los d\u00edas escuchaba una voz que me hablaba al o\u00eddo, despacio, lentamente, me dec\u00eda: vive, vive, vive. Era la muerte\u201d, expres\u00f3 Roger Mandujano, secretario de Educaci\u00f3n, en el marco del concurso \u201cAltares de la chiapanequidad\u201d.<\/p>\n<p>&nbsp;<\/p>\n<p>Con el prop\u00f3sito de celebrar y reconocer la diversidad cultural que caracteriza a las delegaciones regionales de educaci\u00f3n en Chiapas, la Secretar\u00eda de Educaci\u00f3n, encabezada por Roger Mandujano Ayala, realiz\u00f3 dicho encuentro que entrelaz\u00f3 tradiciones, identidad y comunidad bajo el principio del Lekil Kuxlejal (el Buen Vivir).<\/p>\n<p>&nbsp;<\/p>\n<p>El secretario de Educaci\u00f3n recorri\u00f3 cada uno de los altares presentados por las delegaciones, acompa\u00f1ado por Patricia Conde Ruiz, secretaria general de Gobierno y Mediaci\u00f3n; Omar G\u00f3mez Cruz, secretario de Salud; Alejandra Mendoza, diputada presidenta del Congreso del Estado y los presidentes municipales de Tuxtla Guti\u00e9rrez, San Fernando, Berrioz\u00e1bal, Oxchuc y Chamula.<\/p>\n<p>&nbsp;<\/p>\n<p>Participaron delegaciones de las regiones Sierra, Maya, Altos (Mitontic y Chamula), Soconusco, Fronteriza, Fraylesca, Istmo-Costa, Zoque (San Fernando, Tecpat\u00e1n y Copainal\u00e1) y Metropolitana (Chiapa de Corzo), quienes mostraron la riqueza, la memoria y la creatividad de sus comunidades a trav\u00e9s de altares que fusionaron tradici\u00f3n y sentido comunitario.<\/p>\n<p>&nbsp;<\/p>\n<p>Durante su intervenci\u00f3n, Patricia Conde reconoci\u00f3 el esfuerzo de las y los docentes, supervisores y delegaciones por representar la chiapanequidad en un evento tan significativo para la cosmovisi\u00f3n chiapaneca:<\/p>\n<p>&nbsp;<\/p>\n<p>\u201cHoy la chiapanequidad se refleja en cada altar. Agradecemos al secretario Roger Mandujano por ser el impulsor de esta iniciativa, que no ser\u00eda posible sin el respaldo y la visi\u00f3n humanista del gobernador Eduardo Ram\u00edrez Aguilar\u201d, expres\u00f3.<\/p>\n<p>&nbsp;<\/p>\n<p>Por su parte, el titular de la Secretar\u00eda de Educaci\u00f3n agradeci\u00f3 el compromiso de la comunidad educativa por representar a Chiapas desde sus m\u00faltiples visiones y ra\u00edces culturales, por lo que esta acci\u00f3n reafirma el proyecto de transformaci\u00f3n educativo de la identidad chiapaneca y la promoci\u00f3n del aprendizaje desde la interculturalidad, el arte y los valores que dan vida al Lekil Kuxlejal, el Buen Vivir.<\/p>\n","protected":false},"excerpt":{"rendered":"<p>&nbsp; &nbsp; El esp\u00edritu del Lekil Kuxlejal se vivi\u00f3 en cada las representaciones culturales &nbsp;&#8230;<\/p>\n","protected":false},"author":2,"featured_media":33412,"comment_status":"closed","ping_status":"closed","sticky":false,"template":"","format":"standard","meta":{"_joinchat":[],"footnotes":""},"categories":[18,1,2,3],"tags":[],"class_list":["post-33411","post","type-post","status-publish","format-standard","has-post-thumbnail","hentry","category-almomento","category-boletin","category-estado","category-health"],"_links":{"self":[{"href":"https:\/\/icoinformativo.mx\/home\/index.php?rest_route=\/wp\/v2\/posts\/33411","targetHints":{"allow":["GET"]}}],"collection":[{"href":"https:\/\/icoinformativo.mx\/home\/index.php?rest_route=\/wp\/v2\/posts"}],"about":[{"href":"https:\/\/icoinformativo.mx\/home\/index.php?rest_route=\/wp\/v2\/types\/post"}],"author":[{"embeddable":true,"href":"https:\/\/icoinformativo.mx\/home\/index.php?rest_route=\/wp\/v2\/users\/2"}],"replies":[{"embeddable":true,"href":"https:\/\/icoinformativo.mx\/home\/index.php?rest_route=%2Fwp%2Fv2%2Fcomments&post=33411"}],"version-history":[{"count":1,"href":"https:\/\/icoinformativo.mx\/home\/index.php?rest_route=\/wp\/v2\/posts\/33411\/revisions"}],"predecessor-version":[{"id":33413,"href":"https:\/\/icoinformativo.mx\/home\/index.php?rest_route=\/wp\/v2\/posts\/33411\/revisions\/33413"}],"wp:featuredmedia":[{"embeddable":true,"href":"https:\/\/icoinformativo.mx\/home\/index.php?rest_route=\/wp\/v2\/media\/33412"}],"wp:attachment":[{"href":"https:\/\/icoinformativo.mx\/home\/index.php?rest_route=%2Fwp%2Fv2%2Fmedia&parent=33411"}],"wp:term":[{"taxonomy":"category","embeddable":true,"href":"https:\/\/icoinformativo.mx\/home\/index.php?rest_route=%2Fwp%2Fv2%2Fcategories&post=33411"},{"taxonomy":"post_tag","embeddable":true,"href":"https:\/\/icoinformativo.mx\/home\/index.php?rest_route=%2Fwp%2Fv2%2Ftags&post=33411"}],"curies":[{"name":"wp","href":"https:\/\/api.w.org\/{rel}","templated":true}]}}