{"id":33408,"date":"2025-10-30T02:25:32","date_gmt":"2025-10-30T02:25:32","guid":{"rendered":"https:\/\/icoinformativo.mx\/home\/?p=33408"},"modified":"2025-10-30T02:25:32","modified_gmt":"2025-10-30T02:25:32","slug":"iap-chiapas-impulsa-la-capacitacion-en-el-proceso-de-adquisicion-y-contratacion-de-bienes-y-servicios-a-gobiernos-municipales","status":"publish","type":"post","link":"https:\/\/icoinformativo.mx\/home\/?p=33408","title":{"rendered":"IAP Chiapas impulsa la capacitaci\u00f3n en el Proceso de Adquisici\u00f3n y Contrataci\u00f3n de Bienes y Servicios a gobiernos municipales"},"content":{"rendered":"<p>La presidenta Lysette Raquel Lameiro Camacho destac\u00f3 que este curso contribuir\u00e1 a contar con una administraci\u00f3n p\u00fablica m\u00e1s eficiente, responsable y cercana a la ciudadan\u00eda<\/p>\n<p>Tuxtla Guti\u00e9rrez, Chiapas; 29 de octubre de 2025.- El Instituto de Administraci\u00f3n P\u00fablica del Estado de Chiapas (IAP Chiapas) contin\u00faa su compromiso con la profesionalizaci\u00f3n de los gobiernos municipales, al impartir el curso de capacitaci\u00f3n en el marco del Programa de Desarrollo Institucional Municipal (Prodim 2025), con el tema: Proceso de Adquisici\u00f3n y Contrataci\u00f3n de Bienes y Servicios.<\/p>\n<p>Durante el evento, la presidenta del IAP Chiapas, Lysette Raquel Lameiro Camacho, destac\u00f3 que el objetivo del curso es fortalecer las capacidades del personal municipal en la planeaci\u00f3n, ejecuci\u00f3n y control de los procesos de adquisici\u00f3n y contrataci\u00f3n, garantizando el cumplimiento de la normativa vigente, la transparencia y el uso eficiente de los recursos p\u00fablicos.<\/p>\n<p>\u00abEstoy convencida de que cada conocimiento adquirido en este curso contribuir\u00e1 a mejorar los procesos institucionales, generando una administraci\u00f3n p\u00fablica m\u00e1s eficiente, responsable y cercana a la ciudadan\u00eda\u00bb, expres\u00f3. Adem\u00e1s, invit\u00f3 a las y los participantes a aprovechar al m\u00e1ximo este espacio de aprendizaje colaborativo que, asegur\u00f3, es importante para el crecimiento profesional y la mejora de los servicios p\u00fablicos.<\/p>\n<p>Cabe destacar que esta capacitaci\u00f3n forma parte del programa Cero Observaciones del IAP Chiapas, el cual est\u00e1 alineado con las pol\u00edticas p\u00fablicas de la Nueva ERA impulsadas por el Gobierno del Estado de Chiapas, encabezado por el gobernador Eduardo Ram\u00edrez Aguilar.<\/p>\n","protected":false},"excerpt":{"rendered":"<p>La presidenta Lysette Raquel Lameiro Camacho destac\u00f3 que este curso contribuir\u00e1 a contar con una&#8230;<\/p>\n","protected":false},"author":2,"featured_media":33409,"comment_status":"closed","ping_status":"closed","sticky":false,"template":"","format":"standard","meta":{"_joinchat":[],"footnotes":""},"categories":[18,1,2,3],"tags":[],"class_list":["post-33408","post","type-post","status-publish","format-standard","has-post-thumbnail","hentry","category-almomento","category-boletin","category-estado","category-health"],"_links":{"self":[{"href":"https:\/\/icoinformativo.mx\/home\/index.php?rest_route=\/wp\/v2\/posts\/33408","targetHints":{"allow":["GET"]}}],"collection":[{"href":"https:\/\/icoinformativo.mx\/home\/index.php?rest_route=\/wp\/v2\/posts"}],"about":[{"href":"https:\/\/icoinformativo.mx\/home\/index.php?rest_route=\/wp\/v2\/types\/post"}],"author":[{"embeddable":true,"href":"https:\/\/icoinformativo.mx\/home\/index.php?rest_route=\/wp\/v2\/users\/2"}],"replies":[{"embeddable":true,"href":"https:\/\/icoinformativo.mx\/home\/index.php?rest_route=%2Fwp%2Fv2%2Fcomments&post=33408"}],"version-history":[{"count":1,"href":"https:\/\/icoinformativo.mx\/home\/index.php?rest_route=\/wp\/v2\/posts\/33408\/revisions"}],"predecessor-version":[{"id":33410,"href":"https:\/\/icoinformativo.mx\/home\/index.php?rest_route=\/wp\/v2\/posts\/33408\/revisions\/33410"}],"wp:featuredmedia":[{"embeddable":true,"href":"https:\/\/icoinformativo.mx\/home\/index.php?rest_route=\/wp\/v2\/media\/33409"}],"wp:attachment":[{"href":"https:\/\/icoinformativo.mx\/home\/index.php?rest_route=%2Fwp%2Fv2%2Fmedia&parent=33408"}],"wp:term":[{"taxonomy":"category","embeddable":true,"href":"https:\/\/icoinformativo.mx\/home\/index.php?rest_route=%2Fwp%2Fv2%2Fcategories&post=33408"},{"taxonomy":"post_tag","embeddable":true,"href":"https:\/\/icoinformativo.mx\/home\/index.php?rest_route=%2Fwp%2Fv2%2Ftags&post=33408"}],"curies":[{"name":"wp","href":"https:\/\/api.w.org\/{rel}","templated":true}]}}