{"id":33398,"date":"2025-10-29T03:14:42","date_gmt":"2025-10-29T03:14:42","guid":{"rendered":"https:\/\/icoinformativo.mx\/home\/?p=33398"},"modified":"2025-10-29T03:14:42","modified_gmt":"2025-10-29T03:14:42","slug":"eduardo-ramirez-supervisa-la-rehabilitacion-de-templos-historicos-en-comitan-de-dominguez","status":"publish","type":"post","link":"https:\/\/icoinformativo.mx\/home\/?p=33398","title":{"rendered":"Eduardo Ram\u00edrez supervisa la rehabilitaci\u00f3n de templos hist\u00f3ricos en Comit\u00e1n de Dom\u00ednguez"},"content":{"rendered":"<p>&nbsp;<\/p>\n<p><b>\u00a0<\/b><\/p>\n<p><b>\u00a0<\/b><\/p>\n<p><b>\u00b7 Constat\u00f3 las obras que se realizan en la Parroquia de San Sebasti\u00e1n y el Templo de Santo Domingo<\/b><\/p>\n<p><b>\u00a0<\/b><\/p>\n<p><b>\u00a0<\/b><\/p>\n<p><b>\u00a0<\/b><\/p>\n<p><b>\u00a0<\/b><\/p>\n<p><b>\u00a0<\/b><\/p>\n<p><b>El gobernador Eduardo Ram\u00edrez Aguilar realiz\u00f3 un recorrido de supervisi\u00f3n por las obras de rehabilitaci\u00f3n de la Parroquia de San Sebasti\u00e1n y del Templo de Santo Domingo, en Comit\u00e1n de Dom\u00ednguez, donde subray\u00f3 que el objetivo es preservar su valor hist\u00f3rico, garantizar su seguridad estructural y proteger el arte sacro.<\/b><\/p>\n<p><b>\u00a0<\/b><\/p>\n<p><b>\u00a0<\/b><\/p>\n<p><b>\u00a0<\/b><\/p>\n<p><b>Durante su visita al Campanario de Santo Domingo, el mandatario evoc\u00f3 con emoci\u00f3n sus recuerdos de infancia junto a su familia y destac\u00f3 que este proyecto de mejoramiento integral se realiza conforme a los lineamientos establecidos en materia de protecci\u00f3n civil, pues lo m\u00e1s importante es que las familias y visitantes disfruten estos recintos con seguridad y confianza.<\/b><\/p>\n<p><b>\u00a0<\/b><\/p>\n<p><b>\u00a0<\/b><\/p>\n<p><b>\u00a0<\/b><\/p>\n<p><b>Acompa\u00f1ado por la secretaria de Infraestructura, Anakaren G\u00f3mez Zuart, y el secretario de Protecci\u00f3n Civil, Mauricio Cordero Rodr\u00edguez, Ram\u00edrez Aguilar enfatiz\u00f3 que el gobierno de la Nueva ERA impulsa estas acciones con el prop\u00f3sito de preservar y recuperar espacios hist\u00f3ricos e ic\u00f3nicos que, adem\u00e1s de fortalecer la convivencia social, enaltecen la identidad cultural y contribuyen al desarrollo econ\u00f3mico y tur\u00edstico de la regi\u00f3n.<\/b><\/p>\n<p><b>\u00a0<\/b><\/p>\n<p><b>\u00a0<\/b><\/p>\n<p><b>\u00a0<\/b><\/p>\n<p><b>En el marco de este recorrido se inform\u00f3 que los trabajos avanzan con especial cuidado debido a los da\u00f1os y la altura de los inmuebles, e incluyen la rehabilitaci\u00f3n de cubiertas, retiro de tejas de barro y sustituci\u00f3n de piezas da\u00f1adas, con una inversi\u00f3n de 2.8 millones de pesos en San Sebasti\u00e1n y 7.9 millones en Santo Domingo. Asimismo, se adelant\u00f3 que el pr\u00f3ximo a\u00f1o se destinar\u00e1n 15 millones de pesos para la rehabilitaci\u00f3n del atrio de Santo Domingo.<\/b><\/p>\n<p>&nbsp;<\/p>\n","protected":false},"excerpt":{"rendered":"<p>&nbsp; \u00a0 \u00a0 \u00b7 Constat\u00f3 las obras que se realizan en la Parroquia de San&#8230;<\/p>\n","protected":false},"author":2,"featured_media":33399,"comment_status":"closed","ping_status":"closed","sticky":false,"template":"","format":"standard","meta":{"_joinchat":[],"footnotes":""},"categories":[18,1,2,3],"tags":[],"class_list":["post-33398","post","type-post","status-publish","format-standard","has-post-thumbnail","hentry","category-almomento","category-boletin","category-estado","category-health"],"_links":{"self":[{"href":"https:\/\/icoinformativo.mx\/home\/index.php?rest_route=\/wp\/v2\/posts\/33398","targetHints":{"allow":["GET"]}}],"collection":[{"href":"https:\/\/icoinformativo.mx\/home\/index.php?rest_route=\/wp\/v2\/posts"}],"about":[{"href":"https:\/\/icoinformativo.mx\/home\/index.php?rest_route=\/wp\/v2\/types\/post"}],"author":[{"embeddable":true,"href":"https:\/\/icoinformativo.mx\/home\/index.php?rest_route=\/wp\/v2\/users\/2"}],"replies":[{"embeddable":true,"href":"https:\/\/icoinformativo.mx\/home\/index.php?rest_route=%2Fwp%2Fv2%2Fcomments&post=33398"}],"version-history":[{"count":1,"href":"https:\/\/icoinformativo.mx\/home\/index.php?rest_route=\/wp\/v2\/posts\/33398\/revisions"}],"predecessor-version":[{"id":33400,"href":"https:\/\/icoinformativo.mx\/home\/index.php?rest_route=\/wp\/v2\/posts\/33398\/revisions\/33400"}],"wp:featuredmedia":[{"embeddable":true,"href":"https:\/\/icoinformativo.mx\/home\/index.php?rest_route=\/wp\/v2\/media\/33399"}],"wp:attachment":[{"href":"https:\/\/icoinformativo.mx\/home\/index.php?rest_route=%2Fwp%2Fv2%2Fmedia&parent=33398"}],"wp:term":[{"taxonomy":"category","embeddable":true,"href":"https:\/\/icoinformativo.mx\/home\/index.php?rest_route=%2Fwp%2Fv2%2Fcategories&post=33398"},{"taxonomy":"post_tag","embeddable":true,"href":"https:\/\/icoinformativo.mx\/home\/index.php?rest_route=%2Fwp%2Fv2%2Ftags&post=33398"}],"curies":[{"name":"wp","href":"https:\/\/api.w.org\/{rel}","templated":true}]}}