{"id":33377,"date":"2025-10-28T03:20:11","date_gmt":"2025-10-28T03:20:11","guid":{"rendered":"https:\/\/icoinformativo.mx\/home\/?p=33377"},"modified":"2025-10-28T03:20:11","modified_gmt":"2025-10-28T03:20:11","slug":"ayuntamiento-de-solosuchiapa-invita-a-concurso-de-altares-por-el-dia-de-muertos","status":"publish","type":"post","link":"https:\/\/icoinformativo.mx\/home\/?p=33377","title":{"rendered":"Ayuntamiento de Solosuchiapa invita a concurso de altares por el D\u00eda de Muertos"},"content":{"rendered":"<p>\ud83c\udf89 \u00a1Celebremos nuestras tradiciones! \ud83d\udc80\ud83c\udf3c<\/p>\n<p>&nbsp;<\/p>\n<p>El H. Ayuntamiento de Solosuchiapa que preside Fernando Aparicio G\u00f3mez y el DIF Municipal invitan a participar en los concursos con motivo de las festividades por el D\u00eda de Muertos 2025.<\/p>\n<p>&nbsp;<\/p>\n<p>\ud83d\udd6f\ufe0f Concurso de Altares de Muerto<\/p>\n<p>Dirigido a instituciones educativas del municipio que deseen expresar, a trav\u00e9s de la creatividad y el simbolismo, el respeto por esta importante tradici\u00f3n mexicana.<\/p>\n<p>&nbsp;<\/p>\n<p>\ud83c\udfad Concurso de Catrinas y Catrines<\/p>\n<p>Abierto a todas las mujeres a partir de 12 a\u00f1os, que quieran mostrar su talento, elegancia y originalidad en esta emblem\u00e1tica representaci\u00f3n del D\u00eda de Muertos.<\/p>\n<p>&nbsp;<\/p>\n<p>\ud83d\udcce En las im\u00e1genes adjuntos encontrar\u00e1s las bases y requisitos de participaci\u00f3n.<\/p>\n<p>&nbsp;<\/p>\n<p>\ud83d\udcc5 \u00a1No te quedes fuera de esta celebraci\u00f3n llena de cultura, color y tradici\u00f3n!<\/p>\n<p>#queorgullosershuleco<\/p>\n","protected":false},"excerpt":{"rendered":"<p>\ud83c\udf89 \u00a1Celebremos nuestras tradiciones! \ud83d\udc80\ud83c\udf3c &nbsp; El H. Ayuntamiento de Solosuchiapa que preside Fernando Aparicio&#8230;<\/p>\n","protected":false},"author":2,"featured_media":33378,"comment_status":"closed","ping_status":"closed","sticky":false,"template":"","format":"standard","meta":{"_joinchat":[],"footnotes":""},"categories":[18,1,2,3],"tags":[],"class_list":["post-33377","post","type-post","status-publish","format-standard","has-post-thumbnail","hentry","category-almomento","category-boletin","category-estado","category-health"],"_links":{"self":[{"href":"https:\/\/icoinformativo.mx\/home\/index.php?rest_route=\/wp\/v2\/posts\/33377","targetHints":{"allow":["GET"]}}],"collection":[{"href":"https:\/\/icoinformativo.mx\/home\/index.php?rest_route=\/wp\/v2\/posts"}],"about":[{"href":"https:\/\/icoinformativo.mx\/home\/index.php?rest_route=\/wp\/v2\/types\/post"}],"author":[{"embeddable":true,"href":"https:\/\/icoinformativo.mx\/home\/index.php?rest_route=\/wp\/v2\/users\/2"}],"replies":[{"embeddable":true,"href":"https:\/\/icoinformativo.mx\/home\/index.php?rest_route=%2Fwp%2Fv2%2Fcomments&post=33377"}],"version-history":[{"count":1,"href":"https:\/\/icoinformativo.mx\/home\/index.php?rest_route=\/wp\/v2\/posts\/33377\/revisions"}],"predecessor-version":[{"id":33379,"href":"https:\/\/icoinformativo.mx\/home\/index.php?rest_route=\/wp\/v2\/posts\/33377\/revisions\/33379"}],"wp:featuredmedia":[{"embeddable":true,"href":"https:\/\/icoinformativo.mx\/home\/index.php?rest_route=\/wp\/v2\/media\/33378"}],"wp:attachment":[{"href":"https:\/\/icoinformativo.mx\/home\/index.php?rest_route=%2Fwp%2Fv2%2Fmedia&parent=33377"}],"wp:term":[{"taxonomy":"category","embeddable":true,"href":"https:\/\/icoinformativo.mx\/home\/index.php?rest_route=%2Fwp%2Fv2%2Fcategories&post=33377"},{"taxonomy":"post_tag","embeddable":true,"href":"https:\/\/icoinformativo.mx\/home\/index.php?rest_route=%2Fwp%2Fv2%2Ftags&post=33377"}],"curies":[{"name":"wp","href":"https:\/\/api.w.org\/{rel}","templated":true}]}}