{"id":33365,"date":"2025-10-28T02:40:22","date_gmt":"2025-10-28T02:40:22","guid":{"rendered":"https:\/\/icoinformativo.mx\/home\/?p=33365"},"modified":"2025-10-28T02:40:22","modified_gmt":"2025-10-28T02:40:22","slug":"el-buen-vivir-se-aprende-y-se-comparte-desde-la-interculturalidad-roger-mandujano-educar-para-la-paz-la-interculturalidad-como-camino-desde-la-escuela-primaria-lazaro-cardenas-en","status":"publish","type":"post","link":"https:\/\/icoinformativo.mx\/home\/?p=33365","title":{"rendered":"El Buen Vivir se aprende y se comparte desde la interculturalidad: Roger Mandujano  Educar para la paz: la interculturalidad como camino  Desde la Escuela Primaria \u201cL\u00e1zaro C\u00e1rdenas\u201d en Copoya, el secretario de Educaci\u00f3n, Roger Mandujano, destac\u00f3 que una parte esencial del Lekil Kuxlejal \u2014el Buen Vivir\u2014 es aprender a convivir desde la interculturalidad, tal como lo impulsa el actual proyecto de transformaci\u00f3n educativa en Chiapas encabezada por el gobernador Eduardo Ram\u00edrez Aguilar.   El director de la instituci\u00f3n, Valdemar Ruiz, agradeci\u00f3 la cercan\u00eda y el compromiso del titular educativo al convivir con estudiantes, madres, padres de familia, personal docente y directivos, fortaleciendo as\u00ed los lazos entre escuela y comunidad.  Durante el encuentro, el subsecretario de Educaci\u00f3n Estatal, Gilberto de los Santos, reconoci\u00f3 el trabajo colaborativo de la comunidad educativa y subray\u00f3 la importancia de educar para la vida: \u201cR\u00edan, sean felices, organ\u00edcense; aprendamos dentro y fuera de la escuela para lograr una transformaci\u00f3n verdadera.\u201d  Por su parte, Roger Mandujano destac\u00f3 la importancia de difundir la Cartilla de Derechos de las Mujeres y las Ni\u00f1as como una herramienta clave para la concientizaci\u00f3n y la construcci\u00f3n de un futuro libre de violencia. Asimismo, enfatiz\u00f3 la necesidad de fortalecer la conciencia intercultural desde las infancias, recordando que:  \u201cEl Lekil Kuxlejal nos ense\u00f1a a estar bien con los dem\u00e1s, sin importar nuestras diferencias. Este principio resignifica el vivir en paz desde tres dimensiones: la espiritual y ancestral, representada por el ch\u2019ulel (alma); la ecol\u00f3gica, vinculada con Jme\u2019tik Ch\u2019Balamil (Sagrada Madre Tierra); y la comunitaria, expresada en la conciencia compartida.\u201d  Con esta visi\u00f3n, la Secretar\u00eda de Educaci\u00f3n reafirma su compromiso con un modelo educativo que dialoga con la comunidad, aprende de la interculturalidad y concibe al ser humano de manera integral y arm\u00f3nica, en sinton\u00eda con\u00a0el\u00a0Buen\u00a0Vivir."},"content":{"rendered":"<p>&nbsp;<\/p>\n<p>Educar para la paz: la interculturalidad como camino<\/p>\n<p>Desde la Escuela Primaria \u201cL\u00e1zaro C\u00e1rdenas\u201d en Copoya, el secretario de Educaci\u00f3n, Roger Mandujano, destac\u00f3 que una parte esencial del Lekil Kuxlejal \u2014el Buen Vivir\u2014 es aprender a convivir desde la interculturalidad, tal como lo impulsa el actual proyecto de transformaci\u00f3n educativa en Chiapas encabezada por el gobernador Eduardo Ram\u00edrez Aguilar.<\/p>\n<p>El director de la instituci\u00f3n, Valdemar Ruiz, agradeci\u00f3 la cercan\u00eda y el compromiso del titular educativo al convivir con estudiantes, madres, padres de familia, personal docente y directivos, fortaleciendo as\u00ed los lazos entre escuela y comunidad.<\/p>\n<p>Durante el encuentro, el subsecretario de Educaci\u00f3n Estatal, Gilberto de los Santos, reconoci\u00f3 el trabajo colaborativo de la comunidad educativa y subray\u00f3 la importancia de educar para la vida: \u201cR\u00edan, sean felices, organ\u00edcense; aprendamos dentro y fuera de la escuela para lograr una transformaci\u00f3n verdadera.\u201d<\/p>\n<p>Por su parte, Roger Mandujano destac\u00f3 la importancia de difundir la Cartilla de Derechos de las Mujeres y las Ni\u00f1as como una herramienta clave para la concientizaci\u00f3n y la construcci\u00f3n de un futuro libre de violencia. Asimismo, enfatiz\u00f3 la necesidad de fortalecer la conciencia intercultural desde las infancias, recordando que:<\/p>\n<p>\u201cEl Lekil Kuxlejal nos ense\u00f1a a estar bien con los dem\u00e1s, sin importar nuestras diferencias. Este principio resignifica el vivir en paz desde tres dimensiones: la espiritual y ancestral, representada por el ch\u2019ulel (alma); la ecol\u00f3gica, vinculada con Jme\u2019tik Ch\u2019Balamil (Sagrada Madre Tierra); y la comunitaria, expresada en la conciencia compartida.\u201d<\/p>\n<p>Con esta visi\u00f3n, la Secretar\u00eda de Educaci\u00f3n reafirma su compromiso con un modelo educativo que dialoga con la comunidad, aprende de la interculturalidad y concibe al ser humano de manera integral y arm\u00f3nica, en sinton\u00eda con\u00a0el\u00a0Buen\u00a0Vivir.<\/p>\n","protected":false},"excerpt":{"rendered":"<p>&nbsp; Educar para la paz: la interculturalidad como camino Desde la Escuela Primaria \u201cL\u00e1zaro C\u00e1rdenas\u201d&#8230;<\/p>\n","protected":false},"author":2,"featured_media":33366,"comment_status":"closed","ping_status":"closed","sticky":false,"template":"","format":"standard","meta":{"_joinchat":[],"footnotes":""},"categories":[18,1,2,3],"tags":[],"class_list":["post-33365","post","type-post","status-publish","format-standard","has-post-thumbnail","hentry","category-almomento","category-boletin","category-estado","category-health"],"_links":{"self":[{"href":"https:\/\/icoinformativo.mx\/home\/index.php?rest_route=\/wp\/v2\/posts\/33365","targetHints":{"allow":["GET"]}}],"collection":[{"href":"https:\/\/icoinformativo.mx\/home\/index.php?rest_route=\/wp\/v2\/posts"}],"about":[{"href":"https:\/\/icoinformativo.mx\/home\/index.php?rest_route=\/wp\/v2\/types\/post"}],"author":[{"embeddable":true,"href":"https:\/\/icoinformativo.mx\/home\/index.php?rest_route=\/wp\/v2\/users\/2"}],"replies":[{"embeddable":true,"href":"https:\/\/icoinformativo.mx\/home\/index.php?rest_route=%2Fwp%2Fv2%2Fcomments&post=33365"}],"version-history":[{"count":1,"href":"https:\/\/icoinformativo.mx\/home\/index.php?rest_route=\/wp\/v2\/posts\/33365\/revisions"}],"predecessor-version":[{"id":33367,"href":"https:\/\/icoinformativo.mx\/home\/index.php?rest_route=\/wp\/v2\/posts\/33365\/revisions\/33367"}],"wp:featuredmedia":[{"embeddable":true,"href":"https:\/\/icoinformativo.mx\/home\/index.php?rest_route=\/wp\/v2\/media\/33366"}],"wp:attachment":[{"href":"https:\/\/icoinformativo.mx\/home\/index.php?rest_route=%2Fwp%2Fv2%2Fmedia&parent=33365"}],"wp:term":[{"taxonomy":"category","embeddable":true,"href":"https:\/\/icoinformativo.mx\/home\/index.php?rest_route=%2Fwp%2Fv2%2Fcategories&post=33365"},{"taxonomy":"post_tag","embeddable":true,"href":"https:\/\/icoinformativo.mx\/home\/index.php?rest_route=%2Fwp%2Fv2%2Ftags&post=33365"}],"curies":[{"name":"wp","href":"https:\/\/api.w.org\/{rel}","templated":true}]}}