{"id":33334,"date":"2025-10-27T01:50:19","date_gmt":"2025-10-27T01:50:19","guid":{"rendered":"https:\/\/icoinformativo.mx\/home\/?p=33334"},"modified":"2025-10-27T01:50:19","modified_gmt":"2025-10-27T01:50:19","slug":"coneculta-inaugurara-la-exposicion-un-cielo-sin-fronteras-rosario-castellanos-archivo-inedito","status":"publish","type":"post","link":"https:\/\/icoinformativo.mx\/home\/?p=33334","title":{"rendered":"Coneculta inaugurar\u00e1 la exposici\u00f3n \u201cUn cielo sin fronteras Rosario Castellanos, Archivo In\u00e9dito\u201d"},"content":{"rendered":"<p>&nbsp;<\/p>\n<p>&nbsp;<\/p>\n<p>La muestra visual permitir\u00e1 que visitantes conozcan el patrimonio hist\u00f3rico y cultural de la vida y obra de Rosario Castellanos<\/p>\n<p>&nbsp;<\/p>\n<p>Comit\u00e1n de Dom\u00ednguez, Chiapas.- La exposici\u00f3n fotogr\u00e1fica \u201cUn cielo sin fronteras Rosario Castellanos, Archivo In\u00e9dito\u201d, ser\u00e1 inaugurada este mi\u00e9rcoles 29 de octubre a las 18:00 horas en el Museo de Arte Hermila Dom\u00ednguez de Castellanos, en el marco del XXV Festival Internacional de las Culturas y las Artes Rosario Castellanos Pluricultural 2025.<\/p>\n<p>&nbsp;<\/p>\n<p>La muestra visual permitir\u00e1 que visitantes conozcan el patrimonio hist\u00f3rico y cultural de la vida y obra de Rosario Castellanos, a trav\u00e9s de la apreciaci\u00f3n est\u00e9tica de las fotograf\u00edas pertenecientes a la colecci\u00f3n Gabriel Guerra Castellanos.<\/p>\n<p>&nbsp;<\/p>\n<p>El Consejo Estatal para las Culturas y las Artes de Chiapas (Coneculta) en coordinaci\u00f3n con el Ayuntamiento de Comit\u00e1n de Dom\u00ednguez, presentar\u00e1n las piezas fotogr\u00e1ficas de la autora en el centenario de su natalicio.<\/p>\n<p>&nbsp;<\/p>\n<p>\u201cUn cielo sin fronteras Rosario Castellanos, Archivo In\u00e9dito\u201d, se integra de ediciones originales de libros, selecci\u00f3n de audios y otros materiales audiovisuales bajo resguardo de la Universidad Aut\u00f3noma de M\u00e9xico.<\/p>\n<p>&nbsp;<\/p>\n<p>Con este acervo se retrata a la escritora, poeta y narradora, e invita a lectores y lectoras a recorrer la vida de Castellanos, adem\u00e1s de apreciar la creatividad po\u00e9tica e intelectual de una de las escritoras m\u00e1s importantes del siglo XX, y quien desde los a\u00f1os 50\u2019s se convirti\u00f3 en un referente del pensamiento feminista.<\/p>\n","protected":false},"excerpt":{"rendered":"<p>&nbsp; &nbsp; La muestra visual permitir\u00e1 que visitantes conozcan el patrimonio hist\u00f3rico y cultural de&#8230;<\/p>\n","protected":false},"author":2,"featured_media":33335,"comment_status":"closed","ping_status":"closed","sticky":false,"template":"","format":"standard","meta":{"_joinchat":[],"footnotes":""},"categories":[18,1,2,3,8],"tags":[],"class_list":["post-33334","post","type-post","status-publish","format-standard","has-post-thumbnail","hentry","category-almomento","category-boletin","category-estado","category-health","category-nacionales"],"_links":{"self":[{"href":"https:\/\/icoinformativo.mx\/home\/index.php?rest_route=\/wp\/v2\/posts\/33334","targetHints":{"allow":["GET"]}}],"collection":[{"href":"https:\/\/icoinformativo.mx\/home\/index.php?rest_route=\/wp\/v2\/posts"}],"about":[{"href":"https:\/\/icoinformativo.mx\/home\/index.php?rest_route=\/wp\/v2\/types\/post"}],"author":[{"embeddable":true,"href":"https:\/\/icoinformativo.mx\/home\/index.php?rest_route=\/wp\/v2\/users\/2"}],"replies":[{"embeddable":true,"href":"https:\/\/icoinformativo.mx\/home\/index.php?rest_route=%2Fwp%2Fv2%2Fcomments&post=33334"}],"version-history":[{"count":1,"href":"https:\/\/icoinformativo.mx\/home\/index.php?rest_route=\/wp\/v2\/posts\/33334\/revisions"}],"predecessor-version":[{"id":33336,"href":"https:\/\/icoinformativo.mx\/home\/index.php?rest_route=\/wp\/v2\/posts\/33334\/revisions\/33336"}],"wp:featuredmedia":[{"embeddable":true,"href":"https:\/\/icoinformativo.mx\/home\/index.php?rest_route=\/wp\/v2\/media\/33335"}],"wp:attachment":[{"href":"https:\/\/icoinformativo.mx\/home\/index.php?rest_route=%2Fwp%2Fv2%2Fmedia&parent=33334"}],"wp:term":[{"taxonomy":"category","embeddable":true,"href":"https:\/\/icoinformativo.mx\/home\/index.php?rest_route=%2Fwp%2Fv2%2Fcategories&post=33334"},{"taxonomy":"post_tag","embeddable":true,"href":"https:\/\/icoinformativo.mx\/home\/index.php?rest_route=%2Fwp%2Fv2%2Ftags&post=33334"}],"curies":[{"name":"wp","href":"https:\/\/api.w.org\/{rel}","templated":true}]}}