{"id":33331,"date":"2025-10-27T01:45:18","date_gmt":"2025-10-27T01:45:18","guid":{"rendered":"https:\/\/icoinformativo.mx\/home\/?p=33331"},"modified":"2025-10-27T01:45:18","modified_gmt":"2025-10-27T01:45:18","slug":"jovenes-del-cecytech-representaran-a-chiapas-en-el-festival-nacional-de-arte-y-cultura","status":"publish","type":"post","link":"https:\/\/icoinformativo.mx\/home\/?p=33331","title":{"rendered":"J\u00f3venes del Cecytech representar\u00e1n a Chiapas en el Festival Nacional de Arte y Cultura"},"content":{"rendered":"<p>&nbsp;<\/p>\n<p>Con orgullo chiapaneco, j\u00f3venes del Colegio participar\u00e1n en el Festival Nacional de Arte y Cultura 2025, fortaleciendo los valores y la expresi\u00f3n art\u00edstica de la Nueva Escuela Mexicana<\/p>\n<p>Tuxtla Guti\u00e9rrez, Chiapas. \u2013 Con el objetivo de reconocer y celebrar el talento art\u00edstico de la comunidad estudiantil, el Colegio de Estudios Cient\u00edficos y Tecnol\u00f3gicos del Estado de Chiapas (Cecytech) llev\u00f3 a cabo la ceremonia de presentaci\u00f3n de las disciplinas que representar\u00e1n al subsistema en el XXVII Festival Nacional de Arte y Cultura (FNAC) Nayarit 2025, evento que se llevar\u00e1 a cabo en Bah\u00eda de Banderas, Nayarit, del 27 al 31 de octubre.<\/p>\n<p>Al respecto, Luis Guadalupe Morales \u00c1ngeles, director general del Cecytech y coordinador estatal de los Telebachilleratos Comunitarios, expres\u00f3 su reconocimiento a las y los estudiantes seleccionados por su esfuerzo, constancia y disciplina, quienes reflejan el compromiso del Colegio con la formaci\u00f3n integral y el desarrollo de las capacidades art\u00edsticas de la juventud chiapaneca.<\/p>\n<p>Morales \u00c1ngeles indic\u00f3 que estas actividades fortalecen la identidad cultural y promueven los valores de la Nueva Escuela Mexicana, impulsada por el gobernador Eduardo Ram\u00edrez Aguilar, cuyo prop\u00f3sito es consolidar una educaci\u00f3n humanista, inclusiva y con sentido social. Asimismo, destac\u00f3 que el arte y la cultura son ejes esenciales para el desarrollo emocional, intelectual y comunitario de las y los estudiantes.<\/p>\n<p>Por su parte, Rogelio Denis Casta\u00f1eda, director acad\u00e9mico del Colegio, se\u00f1al\u00f3 que la representaci\u00f3n de Chiapas en el FNAC es resultado del trabajo coordinado entre docentes, directivos y estudiantes de los distintos planteles, quienes demostraron su talento en las fases estatales y ahora llevar\u00e1n el nombre del Cecytech con orgullo en la etapa nacional.<\/p>\n<p>Los ganadores son los siguientes: en Pintura, el primer lugar fue para el CECyT 34 Real del Bosque; en Poes\u00eda, para el CECyT 07 Tapilula; y en Oratoria, para el CECyT 20 San Crist\u00f3bal. En el \u00e1rea visual, Fotograf\u00eda correspondi\u00f3 al CECyT 16 Salto de Agua; Escultura, al CECyT 01 San Fernando; y Dibujo, al CECyT 43 La Laguna, quienes representar\u00e1n a Chiapas con sus obras en el escenario nacional.<\/p>\n<p>Asimismo, en las disciplinas de expresi\u00f3n oral y esc\u00e9nica, Declamaci\u00f3n tuvo como campe\u00f3n al CECyT 03 Villa Comaltitl\u00e1n, mientras que en Danza Folkl\u00f3rica destac\u00f3 el CECyT 31 La Independencia. En Cuento Corto, el primer lugar fue para el CECyT 21 Bochil; en Canto, para el CECyT 06 Acapetahua; y en Escolta de Bandera, nuevamente triunf\u00f3 el CECyT 07 Tapilula.<\/p>\n","protected":false},"excerpt":{"rendered":"<p>&nbsp; Con orgullo chiapaneco, j\u00f3venes del Colegio participar\u00e1n en el Festival Nacional de Arte y&#8230;<\/p>\n","protected":false},"author":2,"featured_media":33332,"comment_status":"closed","ping_status":"closed","sticky":false,"template":"","format":"standard","meta":{"_joinchat":[],"footnotes":""},"categories":[18,1,2,3],"tags":[],"class_list":["post-33331","post","type-post","status-publish","format-standard","has-post-thumbnail","hentry","category-almomento","category-boletin","category-estado","category-health"],"_links":{"self":[{"href":"https:\/\/icoinformativo.mx\/home\/index.php?rest_route=\/wp\/v2\/posts\/33331","targetHints":{"allow":["GET"]}}],"collection":[{"href":"https:\/\/icoinformativo.mx\/home\/index.php?rest_route=\/wp\/v2\/posts"}],"about":[{"href":"https:\/\/icoinformativo.mx\/home\/index.php?rest_route=\/wp\/v2\/types\/post"}],"author":[{"embeddable":true,"href":"https:\/\/icoinformativo.mx\/home\/index.php?rest_route=\/wp\/v2\/users\/2"}],"replies":[{"embeddable":true,"href":"https:\/\/icoinformativo.mx\/home\/index.php?rest_route=%2Fwp%2Fv2%2Fcomments&post=33331"}],"version-history":[{"count":1,"href":"https:\/\/icoinformativo.mx\/home\/index.php?rest_route=\/wp\/v2\/posts\/33331\/revisions"}],"predecessor-version":[{"id":33333,"href":"https:\/\/icoinformativo.mx\/home\/index.php?rest_route=\/wp\/v2\/posts\/33331\/revisions\/33333"}],"wp:featuredmedia":[{"embeddable":true,"href":"https:\/\/icoinformativo.mx\/home\/index.php?rest_route=\/wp\/v2\/media\/33332"}],"wp:attachment":[{"href":"https:\/\/icoinformativo.mx\/home\/index.php?rest_route=%2Fwp%2Fv2%2Fmedia&parent=33331"}],"wp:term":[{"taxonomy":"category","embeddable":true,"href":"https:\/\/icoinformativo.mx\/home\/index.php?rest_route=%2Fwp%2Fv2%2Fcategories&post=33331"},{"taxonomy":"post_tag","embeddable":true,"href":"https:\/\/icoinformativo.mx\/home\/index.php?rest_route=%2Fwp%2Fv2%2Ftags&post=33331"}],"curies":[{"name":"wp","href":"https:\/\/api.w.org\/{rel}","templated":true}]}}