{"id":33328,"date":"2025-10-27T01:15:23","date_gmt":"2025-10-27T01:15:23","guid":{"rendered":"https:\/\/icoinformativo.mx\/home\/?p=33328"},"modified":"2025-10-27T01:15:23","modified_gmt":"2025-10-27T01:15:23","slug":"eduardo-ramirez-fortalece-la-educacion-y-la-infraestructura-social-en-berriozabal","status":"publish","type":"post","link":"https:\/\/icoinformativo.mx\/home\/?p=33328","title":{"rendered":"Eduardo Ram\u00edrez fortalece la educaci\u00f3n y la infraestructura social en Berrioz\u00e1bal"},"content":{"rendered":"<p style=\"font-weight: 400;\">\n<ul>\n<li style=\"font-weight: 400;\">Con una inversi\u00f3n superior a 48 mdp se transforman los espacios educativos<\/li>\n<li style=\"font-weight: 400;\">Inaugur\u00f3 la reconstrucci\u00f3n del Centro de Desarrollo Integral para la Atenci\u00f3n Inmediata del DIF Municipal<\/li>\n<li style=\"font-weight: 400;\">Dio inicio a los trabajos de pavimentaci\u00f3n del camino Berrioz\u00e1bal\u2013Vistahermosa con inversi\u00f3n de m\u00e1s de 15.5 mdp<\/li>\n<\/ul>\n<p style=\"font-weight: 400;\">\n<p style=\"font-weight: 400;\">\n<p style=\"font-weight: 400;\">El gobernador Eduardo Ram\u00edrez Aguilar visit\u00f3 el municipio de Berrioz\u00e1bal, donde refrend\u00f3 el compromiso del gobierno de la Nueva ERA con la educaci\u00f3n y el garantizar espacios escolares dignos para la ni\u00f1ez y la juventud. En este marco, inaugur\u00f3 las nuevas instalaciones de la Escuela Preparatoria Ciudad Maya, una obra que atiende una a\u00f1eja y sentida demanda de la poblaci\u00f3n, adem\u00e1s de entregar infraestructura en el Jard\u00edn de Ni\u00f1as y Ni\u00f1os Josefa Ortiz de Dom\u00ednguez y en las Primarias Efra\u00edn Aranda Osorio y Genaro V\u00e1zquez Rojas.<\/p>\n<p style=\"font-weight: 400;\">\n<p style=\"font-weight: 400;\">\u201cEstoy feliz por estar con ustedes. Hacer realidad esta preparatoria ha sido gracias a la gesti\u00f3n y petici\u00f3n que me hicieron directamente sus maestras y maestros. Nos comprometimos a apoyarlos y hoy estamos cumpliendo nuestra palabra. Ya no acudir\u00e1n a una bodega a tomar clases, ahora tienen su propio plantel. Tenemos un compromiso con Berrioz\u00e1bal, por eso estamos mejorando espacios en jardines de ni\u00f1as y ni\u00f1os, secundarias y preparatorias\u201d, expres\u00f3.<\/p>\n<p style=\"font-weight: 400;\">\n<p style=\"font-weight: 400;\">Acompa\u00f1ado de la se\u00f1ora Sof\u00eda Espinoza Abarca, el mandatario inaugur\u00f3 tambi\u00e9n la reconstrucci\u00f3n del Centro de Desarrollo Integral para la Atenci\u00f3n Inmediata del DIF Municipal, donde expres\u00f3 su satisfacci\u00f3n al constatar la consolidaci\u00f3n de este proyecto que fortalecer\u00e1 la atenci\u00f3n oportuna y especializada a la poblaci\u00f3n, especialmente a los sectores vulnerables. \u201cEsta obra es un compromiso cumplido. Hoy demostramos nuestro profundo amor por Berrioz\u00e1bal\u201d, afirm\u00f3.<\/p>\n<p style=\"font-weight: 400;\">\n<p style=\"font-weight: 400;\">Posteriormente, dio el banderazo de inicio a los trabajos de pavimentaci\u00f3n y modernizaci\u00f3n del camino Berrioz\u00e1bal\u2013Vistahermosa, con una inversi\u00f3n superior a 15.5 millones de pesos, en beneficio de m\u00e1s de 38 mil habitantes. Esta obra vial mejorar\u00e1 la conectividad y la movilidad social, e impulsar\u00e1 el empleo y la actividad econ\u00f3mica, comercial y tur\u00edstica del municipio.<\/p>\n<p style=\"font-weight: 400;\">\n<p style=\"font-weight: 400;\">Ante las y los habitantes, Ram\u00edrez Aguilar destac\u00f3 que, tras recuperar la paz y la seguridad, su administraci\u00f3n trabaja en la consolidaci\u00f3n de la conectividad metropolitana entre Berrioz\u00e1bal y Tuxtla Guti\u00e9rrez, mediante un desarrollo urbano integral. Asimismo, reiter\u00f3 su objetivo de convertir a Berrioz\u00e1bal en un referente nacional en la producci\u00f3n y venta de flores, fortaleciendo as\u00ed la econom\u00eda local.<\/p>\n<p style=\"font-weight: 400;\">\n<p style=\"font-weight: 400;\">Por su parte, Sof\u00eda Espinoza Abarca resalt\u00f3 el compromiso de los gobiernos estatal y municipal con la educaci\u00f3n y el bienestar de la ni\u00f1ez, al subrayar que no existe mejor inversi\u00f3n que la educaci\u00f3n. Invit\u00f3 a madres y padres de familia a acompa\u00f1ar y apoyar a sus hijas e hijos con amor, atenci\u00f3n y valores, y reafirm\u00f3 que se continuar\u00e1 trabajando para fortalecer la educaci\u00f3n y mejorar la calidad de vida de las familias chiapanecas.<\/p>\n<p style=\"font-weight: 400;\">\n<p style=\"font-weight: 400;\">La secretaria de Infraestructura, Anakaren G\u00f3mez Zuart, destac\u00f3 la importancia de la reconstrucci\u00f3n del Centro de Desarrollo Integral para la Atenci\u00f3n Inmediata, el cual no hab\u00eda recibido mantenimiento profundo desde su creaci\u00f3n hace 40 a\u00f1os. Explic\u00f3 que con una inversi\u00f3n estatal de m\u00e1s de 10 millones de pesos se realiz\u00f3 la construcci\u00f3n de un nuevo edificio de dos pisos, la rehabilitaci\u00f3n del espacio existente y la Casa del Artesano, as\u00ed como obra exterior.<\/p>\n<p style=\"font-weight: 400;\">\n<p style=\"font-weight: 400;\">El director del Instituto de la Infraestructura F\u00edsica Educativa, Carlos Ildelfonso Jim\u00e9nez Trujillo, inform\u00f3 que con una inversi\u00f3n superior a 48 millones de pesos se transforman los espacios educativos de Berrioz\u00e1bal, mediante la construcci\u00f3n y rehabilitaci\u00f3n de aulas, sanitarios, rampas, andadores y \u00e1reas c\u00edvicas en la Preparatoria Ciudad Maya, el Jard\u00edn de Ni\u00f1os Josefa Ortiz de Dom\u00ednguez, las Primarias Efra\u00edn Aranda Osorio y Genaro V\u00e1zquez Rojas, y la Secundaria Manuel Velasco Siles, que ser\u00e1 reconvertida para recibir a 400 j\u00f3venes del programa Bachillerato Nacional impulsado por la presidenta Claudia Sheinbaum.<\/p>\n<p style=\"font-weight: 400;\">\n<p style=\"font-weight: 400;\">El director general de la Comisi\u00f3n Estatal de Caminos, Rafael Ruiz Morales, precis\u00f3 que, como parte del programa Carreteras Vivas, se pavimentar\u00e1n con concreto mixto casi 1.5 kil\u00f3metros del camino Berrioz\u00e1bal\u2013Vistahermosa, con una inversi\u00f3n de m\u00e1s de 15.5 millones de pesos, en beneficio de 38 mil 503 habitantes de diversas localidades.<\/p>\n<p style=\"font-weight: 400;\">\n<p style=\"font-weight: 400;\">La diputada presidenta del Congreso del Estado, Alejandra G\u00f3mez Mendoza, reconoci\u00f3 el impulso de obras que dignifican la infraestructura y benefician a las familias de Berrioz\u00e1bal. En tanto, la diputada local del Distrito II, Mar\u00eda Mandiola Totoricaguena, destac\u00f3 que la construcci\u00f3n de nuevos caminos y escuelas fortalece la econom\u00eda y la conexi\u00f3n entre comunidades.<\/p>\n<p style=\"font-weight: 400;\">\n<p style=\"font-weight: 400;\">El alcalde Jorge Arturo Acero G\u00f3mez agradeci\u00f3 al Gobierno de la Nueva ERA el respaldo hist\u00f3rico en infraestructura educativa, social y vial, al se\u00f1alar que estas acciones reflejan un gobierno humanista que ha contribuido a recuperar la seguridad, impulsar la econom\u00eda y fortalecer la esperanza en Berrioz\u00e1bal. Por su parte, la presidenta del DIF Municipal, Mar\u00eda Penagos N\u00fa\u00f1ez, agradeci\u00f3 el apoyo estatal para mejorar las instalaciones del DIF, lo que permitir\u00e1 brindar atenci\u00f3n m\u00e1s digna y funcional.<\/p>\n<p style=\"font-weight: 400;\">\n<p style=\"font-weight: 400;\">Finalmente, en representaci\u00f3n de las comunidades escolares, personal docente y directivo de los planteles beneficiados, as\u00ed como personas beneficiarias del Centro de Desarrollo Integral para la Atenci\u00f3n Inmediata del DIF, reconocieron el compromiso del gobernador con la educaci\u00f3n y su respuesta a las necesidades prioritarias del municipio.<\/p>\n","protected":false},"excerpt":{"rendered":"<p>Con una inversi\u00f3n superior a 48 mdp se transforman los espacios educativos Inaugur\u00f3 la reconstrucci\u00f3n&#8230;<\/p>\n","protected":false},"author":2,"featured_media":33329,"comment_status":"closed","ping_status":"closed","sticky":false,"template":"","format":"standard","meta":{"_joinchat":[],"footnotes":""},"categories":[1,2,3,8],"tags":[],"class_list":["post-33328","post","type-post","status-publish","format-standard","has-post-thumbnail","hentry","category-boletin","category-estado","category-health","category-nacionales"],"_links":{"self":[{"href":"https:\/\/icoinformativo.mx\/home\/index.php?rest_route=\/wp\/v2\/posts\/33328","targetHints":{"allow":["GET"]}}],"collection":[{"href":"https:\/\/icoinformativo.mx\/home\/index.php?rest_route=\/wp\/v2\/posts"}],"about":[{"href":"https:\/\/icoinformativo.mx\/home\/index.php?rest_route=\/wp\/v2\/types\/post"}],"author":[{"embeddable":true,"href":"https:\/\/icoinformativo.mx\/home\/index.php?rest_route=\/wp\/v2\/users\/2"}],"replies":[{"embeddable":true,"href":"https:\/\/icoinformativo.mx\/home\/index.php?rest_route=%2Fwp%2Fv2%2Fcomments&post=33328"}],"version-history":[{"count":1,"href":"https:\/\/icoinformativo.mx\/home\/index.php?rest_route=\/wp\/v2\/posts\/33328\/revisions"}],"predecessor-version":[{"id":33330,"href":"https:\/\/icoinformativo.mx\/home\/index.php?rest_route=\/wp\/v2\/posts\/33328\/revisions\/33330"}],"wp:featuredmedia":[{"embeddable":true,"href":"https:\/\/icoinformativo.mx\/home\/index.php?rest_route=\/wp\/v2\/media\/33329"}],"wp:attachment":[{"href":"https:\/\/icoinformativo.mx\/home\/index.php?rest_route=%2Fwp%2Fv2%2Fmedia&parent=33328"}],"wp:term":[{"taxonomy":"category","embeddable":true,"href":"https:\/\/icoinformativo.mx\/home\/index.php?rest_route=%2Fwp%2Fv2%2Fcategories&post=33328"},{"taxonomy":"post_tag","embeddable":true,"href":"https:\/\/icoinformativo.mx\/home\/index.php?rest_route=%2Fwp%2Fv2%2Ftags&post=33328"}],"curies":[{"name":"wp","href":"https:\/\/api.w.org\/{rel}","templated":true}]}}