{"id":33319,"date":"2025-10-26T04:07:03","date_gmt":"2025-10-26T04:07:03","guid":{"rendered":"https:\/\/icoinformativo.mx\/home\/?p=33319"},"modified":"2025-10-26T04:07:03","modified_gmt":"2025-10-26T04:07:03","slug":"en-soyalo-eduardo-ramirez-reafirmo-su-compromiso-con-la-educacion-el-bienestar-y-el-desarrollo","status":"publish","type":"post","link":"https:\/\/icoinformativo.mx\/home\/?p=33319","title":{"rendered":"En Soyal\u00f3, Eduardo Ram\u00edrez reafirm\u00f3 su compromiso con la educaci\u00f3n, el bienestar y el desarrollo"},"content":{"rendered":"<p style=\"font-weight: 400;\">\n<p style=\"font-weight: 400;\">\n<p style=\"font-weight: 400;\">El gobernador Eduardo Ram\u00edrez Aguilar visit\u00f3 el municipio de Soyal\u00f3, donde fortaleci\u00f3 la infraestructura educativa e impuls\u00f3 acciones en materia de salud, alfabetizaci\u00f3n y capacitaci\u00f3n. En este marco, destac\u00f3 que, tras recuperar la paz, su gobierno prioriza la educaci\u00f3n para cumplir una de las aspiraciones de la Nueva ERA: ganar la batalla contra la ignorancia y alzar bandera blanca como s\u00edmbolo de que el pueblo de Chiapas sabe leer y escribir.<\/p>\n<p style=\"font-weight: 400;\">\n<p style=\"font-weight: 400;\">\u201cTenemos un gran compromiso con la educaci\u00f3n. No solo con construir aulas, sino tambi\u00e9n con reconocer a las maestras y los maestros por todo lo que hacen por la ni\u00f1ez y la juventud. Pero adem\u00e1s, debemos ayudar a quien no sabe leer y escribir, ir a tocar puertas para invitar a las personas a aprender, y con ello brindarles la oportunidad de una mejor calidad de vida. Con el programa Chiapas Puede estamos ganando la batalla a la ignorancia. Aspiro a que Chiapas aprenda a leer y escribir\u201d, expres\u00f3.<\/p>\n<p style=\"font-weight: 400;\">\n<p style=\"font-weight: 400;\">Durante la gira de trabajo, el mandatario puso en marcha la construcci\u00f3n de espacios en el Colegio de Bachilleres de Chiapas (Cobach) Plantel 19, entreg\u00f3 Becas Rosario Castellanos para la alfabetizaci\u00f3n, recorri\u00f3 las aulas m\u00f3viles donde se imparten cursos gratuitos de especializaci\u00f3n y oficios, y visit\u00f3 las Unidades M\u00e9dicas de Atenci\u00f3n Comunitaria para la Prevenci\u00f3n y Diagn\u00f3stico de C\u00e1ncer de Mama y los m\u00f3dulos de la Feria de la Salud, donde exhort\u00f3 a las mujeres a realizarse la mastograf\u00eda para prevenir riesgos.<\/p>\n<p style=\"font-weight: 400;\">\n<p style=\"font-weight: 400;\">Ram\u00edrez Aguilar reiter\u00f3 su disposici\u00f3n de trabajar junto al Ayuntamiento para consolidar obras de caminos y otros proyectos prioritarios. Llam\u00f3 a las y los habitantes de Soyal\u00f3 a mantener la unidad, el respeto y la fraternidad, pues, dijo, son la mejor v\u00eda para alcanzar el desarrollo y la prosperidad compartida.<\/p>\n<p style=\"font-weight: 400;\">\n<p style=\"font-weight: 400;\">El secretario de Educaci\u00f3n, Roger Mandujano Ayala, inform\u00f3 que en este municipio m\u00e1s de la mitad de las personas que no sab\u00edan leer ni escribir est\u00e1n siendo alfabetizadas mediante el programa Chiapas Puede, lo que les permitir\u00e1 acceder a mejores oportunidades y herramientas para su vida. \u201cAhora no estar\u00e1n a ciegas, porque podr\u00e1n leer lo que ustedes quieran, desde la receta m\u00e9dica, un libro o a d\u00f3nde va el cami\u00f3n\u201d, se\u00f1al\u00f3.<\/p>\n<p style=\"font-weight: 400;\">\n<p style=\"font-weight: 400;\">Por su parte, el director general del Instituto de la Infraestructura F\u00edsica Educativa del Estado de Chiapas, Carlos Ildelfonso Jim\u00e9nez Trujillo, dio a conocer que en el Cobach Plantel 19 se construir\u00e1 un m\u00f3dulo sanitario, cisterna, andadores y redes el\u00e9ctrica e hidrosanitaria, con una inversi\u00f3n de 2.1 millones de pesos en beneficio de 318 estudiantes. Reafirm\u00f3 adem\u00e1s el compromiso de fortalecer la infraestructura educativa en los municipios con mayores necesidades.<\/p>\n<p style=\"font-weight: 400;\">\n<p style=\"font-weight: 400;\">El director general del Instituto de Capacitaci\u00f3n y Vinculaci\u00f3n Tecnol\u00f3gica del Estado, C\u00e9sar Espinosa Morales, destac\u00f3 que se ofrecen m\u00e1s de 700 cursos en distintas \u00e1reas de especializaci\u00f3n, profesionalizaci\u00f3n y oficios, como costura, estilismo, manejo de alimentos, ingl\u00e9s, computaci\u00f3n, carpinter\u00eda, electricidad, mec\u00e1nica, ganader\u00eda e inseminaci\u00f3n artificial, con el prop\u00f3sito de elevar la productividad y ampliar las oportunidades laborales.<\/p>\n<p style=\"font-weight: 400;\">\n<p style=\"font-weight: 400;\">El presidente municipal de Soyal\u00f3, Francisco P\u00e9rez P\u00e9rez, agradeci\u00f3 el respaldo del Gobierno del Estado por las obras y acciones impulsadas en su municipio, que han fortalecido la infraestructura, la educaci\u00f3n, la salud y el transporte. Refrend\u00f3 su compromiso de seguir trabajando en beneficio de las comunidades.<\/p>\n<p style=\"font-weight: 400;\">\n<p style=\"font-weight: 400;\">En representaci\u00f3n de las y los beneficiarios, Ra\u00fal P\u00e9rez Hern\u00e1ndez reconoci\u00f3 la visi\u00f3n del gobernador al implementar estrategias que mejoran la calidad de vida del pueblo, como el programa Chiapas Puede, que ha brindado a las y los soyaltecos la oportunidad de alfabetizarse y acceder a un futuro con m\u00e1s oportunidades.<\/p>\n<p style=\"font-weight: 400;\">\n<p style=\"font-weight: 400;\">A su vez, la alumna Ivana Brigitte agradeci\u00f3 al gobernador Eduardo Ram\u00edrez por atender una necesidad pendiente desde hace a\u00f1os en su escuela. Dijo que este respaldo motiva a la comunidad estudiantil a seguir esforz\u00e1ndose y a construir un mejor porvenir.<\/p>\n<p style=\"font-weight: 400;\">\n<p style=\"font-weight: 400;\">En el evento participaron los directores generales del Colegio de Bachilleres de Chiapas, Miguel Prado de los Santos, y del Instituto Chiapaneco de Educaci\u00f3n para J\u00f3venes y Adultos, Sergio David Molina G\u00f3mez; la diputada federal Karina Margarita del R\u00edo Zenteno; la diputada local Selene Josefina S\u00e1nchez Cruz; y la presidenta del DIF Municipal de Soyal\u00f3, Karina P\u00e9rez Maldonado, entre otros.<\/p>\n","protected":false},"excerpt":{"rendered":"<p>El gobernador Eduardo Ram\u00edrez Aguilar visit\u00f3 el municipio de Soyal\u00f3, donde fortaleci\u00f3 la infraestructura educativa&#8230;<\/p>\n","protected":false},"author":2,"featured_media":33320,"comment_status":"closed","ping_status":"closed","sticky":false,"template":"","format":"standard","meta":{"_joinchat":[],"footnotes":""},"categories":[18,1,2,3,8],"tags":[],"class_list":["post-33319","post","type-post","status-publish","format-standard","has-post-thumbnail","hentry","category-almomento","category-boletin","category-estado","category-health","category-nacionales"],"_links":{"self":[{"href":"https:\/\/icoinformativo.mx\/home\/index.php?rest_route=\/wp\/v2\/posts\/33319","targetHints":{"allow":["GET"]}}],"collection":[{"href":"https:\/\/icoinformativo.mx\/home\/index.php?rest_route=\/wp\/v2\/posts"}],"about":[{"href":"https:\/\/icoinformativo.mx\/home\/index.php?rest_route=\/wp\/v2\/types\/post"}],"author":[{"embeddable":true,"href":"https:\/\/icoinformativo.mx\/home\/index.php?rest_route=\/wp\/v2\/users\/2"}],"replies":[{"embeddable":true,"href":"https:\/\/icoinformativo.mx\/home\/index.php?rest_route=%2Fwp%2Fv2%2Fcomments&post=33319"}],"version-history":[{"count":1,"href":"https:\/\/icoinformativo.mx\/home\/index.php?rest_route=\/wp\/v2\/posts\/33319\/revisions"}],"predecessor-version":[{"id":33321,"href":"https:\/\/icoinformativo.mx\/home\/index.php?rest_route=\/wp\/v2\/posts\/33319\/revisions\/33321"}],"wp:featuredmedia":[{"embeddable":true,"href":"https:\/\/icoinformativo.mx\/home\/index.php?rest_route=\/wp\/v2\/media\/33320"}],"wp:attachment":[{"href":"https:\/\/icoinformativo.mx\/home\/index.php?rest_route=%2Fwp%2Fv2%2Fmedia&parent=33319"}],"wp:term":[{"taxonomy":"category","embeddable":true,"href":"https:\/\/icoinformativo.mx\/home\/index.php?rest_route=%2Fwp%2Fv2%2Fcategories&post=33319"},{"taxonomy":"post_tag","embeddable":true,"href":"https:\/\/icoinformativo.mx\/home\/index.php?rest_route=%2Fwp%2Fv2%2Ftags&post=33319"}],"curies":[{"name":"wp","href":"https:\/\/api.w.org\/{rel}","templated":true}]}}