{"id":33316,"date":"2025-10-26T04:05:48","date_gmt":"2025-10-26T04:05:48","guid":{"rendered":"https:\/\/icoinformativo.mx\/home\/?p=33316"},"modified":"2025-10-26T04:05:48","modified_gmt":"2025-10-26T04:05:48","slug":"con-participacion-de-mas-de-10-mil-personas-eduardo-ramirez-se-suma-a-la-ruta-xibalba-5k-en-tuxtla-gutierrez","status":"publish","type":"post","link":"https:\/\/icoinformativo.mx\/home\/?p=33316","title":{"rendered":"Con participaci\u00f3n de m\u00e1s de 10 mil personas, Eduardo Ram\u00edrez se suma a la Ruta Xibalb\u00e1 5K en Tuxtla Guti\u00e9rrez"},"content":{"rendered":"<p style=\"font-weight: 400;\">\n<p style=\"font-weight: 400;\">\n<p style=\"font-weight: 400;\">El gobernador Eduardo Ram\u00edrez Aguilar, acompa\u00f1ado de su esposa Sof\u00eda Espinoza Abarca y su hija Yazm\u00edn Ram\u00edrez Espinoza, particip\u00f3 en la Ruta Xibalb\u00e1 5K: carrera con alma, color y ra\u00edces, un encuentro deportivo y de convivencia ciudadana que reuni\u00f3 a m\u00e1s de 10 mil participantes en un ambiente lleno de arte, cultura y tradici\u00f3n, como parte del Festival Xibalbalam.<\/p>\n<p style=\"font-weight: 400;\">\n<p style=\"font-weight: 400;\">Tras completar el recorrido y llegar a la meta en el Parque Bicentenario de Tuxtla Guti\u00e9rrez, el mandatario convivi\u00f3 con el pueblo chiapaneco, que dio vida a la celebraci\u00f3n con trajes tradicionales y disfraces alusivos al D\u00eda de Muertos. En el lugar, disfrut\u00f3 de las expresiones de m\u00fasica, danza y las diversas actividades que rindieron homenaje a la herencia y cosmovisi\u00f3n maya sobre la vida y la muerte.<\/p>\n<p style=\"font-weight: 400;\">\n<p style=\"font-weight: 400;\">El gobernador reconoci\u00f3 a Yazm\u00edn Ram\u00edrez y a las y los organizadores por el entusiasmo y esfuerzo colectivo que hicieron posible este festival que fusiona cultura, tradici\u00f3n y deporte. Destac\u00f3 adem\u00e1s la importancia de promover actividades que fortalezcan la unidad familiar, fomenten la participaci\u00f3n ciudadana y contribuyan a la paz, fraternidad y cohesi\u00f3n social.<\/p>\n","protected":false},"excerpt":{"rendered":"<p>El gobernador Eduardo Ram\u00edrez Aguilar, acompa\u00f1ado de su esposa Sof\u00eda Espinoza Abarca y su hija&#8230;<\/p>\n","protected":false},"author":2,"featured_media":33317,"comment_status":"closed","ping_status":"closed","sticky":false,"template":"","format":"standard","meta":{"_joinchat":[],"footnotes":""},"categories":[18,1,2,3,8],"tags":[],"class_list":["post-33316","post","type-post","status-publish","format-standard","has-post-thumbnail","hentry","category-almomento","category-boletin","category-estado","category-health","category-nacionales"],"_links":{"self":[{"href":"https:\/\/icoinformativo.mx\/home\/index.php?rest_route=\/wp\/v2\/posts\/33316","targetHints":{"allow":["GET"]}}],"collection":[{"href":"https:\/\/icoinformativo.mx\/home\/index.php?rest_route=\/wp\/v2\/posts"}],"about":[{"href":"https:\/\/icoinformativo.mx\/home\/index.php?rest_route=\/wp\/v2\/types\/post"}],"author":[{"embeddable":true,"href":"https:\/\/icoinformativo.mx\/home\/index.php?rest_route=\/wp\/v2\/users\/2"}],"replies":[{"embeddable":true,"href":"https:\/\/icoinformativo.mx\/home\/index.php?rest_route=%2Fwp%2Fv2%2Fcomments&post=33316"}],"version-history":[{"count":1,"href":"https:\/\/icoinformativo.mx\/home\/index.php?rest_route=\/wp\/v2\/posts\/33316\/revisions"}],"predecessor-version":[{"id":33318,"href":"https:\/\/icoinformativo.mx\/home\/index.php?rest_route=\/wp\/v2\/posts\/33316\/revisions\/33318"}],"wp:featuredmedia":[{"embeddable":true,"href":"https:\/\/icoinformativo.mx\/home\/index.php?rest_route=\/wp\/v2\/media\/33317"}],"wp:attachment":[{"href":"https:\/\/icoinformativo.mx\/home\/index.php?rest_route=%2Fwp%2Fv2%2Fmedia&parent=33316"}],"wp:term":[{"taxonomy":"category","embeddable":true,"href":"https:\/\/icoinformativo.mx\/home\/index.php?rest_route=%2Fwp%2Fv2%2Fcategories&post=33316"},{"taxonomy":"post_tag","embeddable":true,"href":"https:\/\/icoinformativo.mx\/home\/index.php?rest_route=%2Fwp%2Fv2%2Ftags&post=33316"}],"curies":[{"name":"wp","href":"https:\/\/api.w.org\/{rel}","templated":true}]}}