{"id":33312,"date":"2025-10-26T04:04:46","date_gmt":"2025-10-26T04:04:46","guid":{"rendered":"https:\/\/icoinformativo.mx\/home\/?p=33312"},"modified":"2025-10-26T04:04:46","modified_gmt":"2025-10-26T04:04:46","slug":"la-oferta-literaria-presente-en-el-xxv-festival-internacional-de-las-culturas-y-las-artes-rosario-castellanos","status":"publish","type":"post","link":"https:\/\/icoinformativo.mx\/home\/?p=33312","title":{"rendered":"La oferta literaria, presente en el XXV Festival Internacional de las Culturas y las Artes Rosario Castellanos"},"content":{"rendered":"<p>&nbsp;<\/p>\n<p>&nbsp;<\/p>\n<p>Esta edici\u00f3n se llevar\u00e1 a cabo en el marco del centenario de natalicio de la autora de Bal\u00fan Can\u00e1n<\/p>\n<p>&nbsp;<\/p>\n<p>Comit\u00e1n de Dom\u00ednguez, Chiapas.- El XXV Festival Internacional de las Culturas y las Artes Rosario Castellanos Pluricultural 2025, contar\u00e1 en el \u00e1mbito literario con la presencia de la escritora, poeta y gestora cultural, Sof\u00eda Cham Trewick.<\/p>\n<p>&nbsp;<\/p>\n<p>La autora impartir\u00e1 la conferencia Rosario Castellanos, la mujer que encendi\u00f3 de la herida a la palabra, el mi\u00e9rcoles 29 de octubre a las 17:00 horas, en el Teatro Junchav\u00edn de Comit\u00e1n de Dom\u00ednguez.<\/p>\n<p>&nbsp;<\/p>\n<p>Asimismo, Julia Santib\u00e1\u00f1ez, directora de Literatura y Fomento a la Lectura de la Universidad Nacional Aut\u00f3noma de M\u00e9xico, el viernes 31 de octubre a las 17:00 horas en el Teatro Junchav\u00edn, dictar\u00e1 la Conferencia Mi coraz\u00f3n, lugar de las hogueras Rosario Castellanos, mujer de intensidades, en donde destacar\u00e1 la importancia de la obra de la autora, as\u00ed como sus contribuciones literarias.<\/p>\n<p>&nbsp;<\/p>\n<p>Mientras que, a las 19:30 horas se realizar\u00e1 la premiaci\u00f3n del concurso Internacional de Novela Breve Rosario Castellanos 2025, al escritor Gabriel Vel\u00e1zquez Toledo, quien obtuvo esta distinci\u00f3n con la obra Los murmullos de la selva.<\/p>\n<p>&nbsp;<\/p>\n<p>Adem\u00e1s, habr\u00e1 presentaci\u00f3n del libro Las dunas serpentean en la playa y otros relatos de Roberto Enrique Galindo Dom\u00ednguez, el domingo 2 de noviembre a las 16:00 horas en los Pasillos del Centro Cultural Rosario Castellanos.<\/p>\n<p>&nbsp;<\/p>\n<p>En este festival que se realizar\u00e1 del mi\u00e9rcoles 29 de octubre al domingo 2 de noviembre, tambi\u00e9n participar\u00e1n escritoras y escritores chiapanecos, quienes presentar\u00e1n libros, dar\u00e1n ponencias, talleres de promoci\u00f3n lectora y espect\u00e1culos de narraci\u00f3n oral.<\/p>\n<p>&nbsp;<\/p>\n<p>Para conocer a detalle la programaci\u00f3n visita las redes sociales del Coneculta y la p\u00e1gina web www.conecultachiapas.gob.mx<\/p>\n","protected":false},"excerpt":{"rendered":"<p>&nbsp; &nbsp; Esta edici\u00f3n se llevar\u00e1 a cabo en el marco del centenario de natalicio&#8230;<\/p>\n","protected":false},"author":2,"featured_media":33313,"comment_status":"closed","ping_status":"closed","sticky":false,"template":"","format":"standard","meta":{"_joinchat":[],"footnotes":""},"categories":[1,2,8],"tags":[],"class_list":["post-33312","post","type-post","status-publish","format-standard","has-post-thumbnail","hentry","category-boletin","category-estado","category-nacionales"],"_links":{"self":[{"href":"https:\/\/icoinformativo.mx\/home\/index.php?rest_route=\/wp\/v2\/posts\/33312","targetHints":{"allow":["GET"]}}],"collection":[{"href":"https:\/\/icoinformativo.mx\/home\/index.php?rest_route=\/wp\/v2\/posts"}],"about":[{"href":"https:\/\/icoinformativo.mx\/home\/index.php?rest_route=\/wp\/v2\/types\/post"}],"author":[{"embeddable":true,"href":"https:\/\/icoinformativo.mx\/home\/index.php?rest_route=\/wp\/v2\/users\/2"}],"replies":[{"embeddable":true,"href":"https:\/\/icoinformativo.mx\/home\/index.php?rest_route=%2Fwp%2Fv2%2Fcomments&post=33312"}],"version-history":[{"count":1,"href":"https:\/\/icoinformativo.mx\/home\/index.php?rest_route=\/wp\/v2\/posts\/33312\/revisions"}],"predecessor-version":[{"id":33314,"href":"https:\/\/icoinformativo.mx\/home\/index.php?rest_route=\/wp\/v2\/posts\/33312\/revisions\/33314"}],"wp:featuredmedia":[{"embeddable":true,"href":"https:\/\/icoinformativo.mx\/home\/index.php?rest_route=\/wp\/v2\/media\/33313"}],"wp:attachment":[{"href":"https:\/\/icoinformativo.mx\/home\/index.php?rest_route=%2Fwp%2Fv2%2Fmedia&parent=33312"}],"wp:term":[{"taxonomy":"category","embeddable":true,"href":"https:\/\/icoinformativo.mx\/home\/index.php?rest_route=%2Fwp%2Fv2%2Fcategories&post=33312"},{"taxonomy":"post_tag","embeddable":true,"href":"https:\/\/icoinformativo.mx\/home\/index.php?rest_route=%2Fwp%2Fv2%2Ftags&post=33312"}],"curies":[{"name":"wp","href":"https:\/\/api.w.org\/{rel}","templated":true}]}}