{"id":33304,"date":"2025-10-24T02:42:46","date_gmt":"2025-10-24T02:42:46","guid":{"rendered":"https:\/\/icoinformativo.mx\/home\/?p=33304"},"modified":"2025-10-24T02:42:46","modified_gmt":"2025-10-24T02:42:46","slug":"fernando-aparicio-gomez-alcalde-de-solosuchiapa-acompana-al-gobernador-eduardo-ramirez-en-gira-de-trabajo-por-ixhuatan","status":"publish","type":"post","link":"https:\/\/icoinformativo.mx\/home\/?p=33304","title":{"rendered":"Fernando Aparicio G\u00f3mez alcalde de Solosuchiapa acompa\u00f1a al gobernador Eduardo Ram\u00edrez en gira de trabajo por Ixhuat\u00e1n"},"content":{"rendered":"<p>El presidente municipal de Solosuchiapa, Ing. Fernando Aparicio G\u00f3mez, recibi\u00f3 con agrado al gobernador del estado, Dr. Eduardo Ram\u00edrez Aguilar, durante la visita del mandatario al municipio vecino de Ixhuat\u00e1n. El encuentro se llev\u00f3 a cabo en un ambiente cordial y cont\u00f3 con la presencia de autoridades regionales y locales que atestiguaron las acciones anunciadas y en marcha en beneficio de las familias de Ixhuat\u00e1n.<\/p>\n<p>En su breve di\u00e1logo, ambas autoridades refrendaron su compromiso de trabajar de manera conjunta para impulsar el desarrollo social y mejorar la calidad de vida de las comunidades. El presidente municipal destac\u00f3 la importancia de la coordinaci\u00f3n entre los tres \u00f3rdenes de gobierno para lograr resultados concretos en obra p\u00fablica, programas sociales y el fortalecimiento de servicios b\u00e1sicos.<\/p>\n<p>La reuni\u00f3n, adem\u00e1s de ratificar la buena relaci\u00f3n institucional, busca fortalecer los lazos de colaboraci\u00f3n entre Solosuchiapa y el gobierno estatal, con el objetivo de replicar y ampliar las acciones en favor de las familias chiapanecas. Con este encuentro, las autoridades manifestaron su disposici\u00f3n a continuar trabajando en unidad por el bienestar de la poblaci\u00f3n.<\/p>\n<p>#queorgullosershuleco<\/p>\n","protected":false},"excerpt":{"rendered":"<p>El presidente municipal de Solosuchiapa, Ing. Fernando Aparicio G\u00f3mez, recibi\u00f3 con agrado al gobernador del&#8230;<\/p>\n","protected":false},"author":2,"featured_media":33305,"comment_status":"closed","ping_status":"closed","sticky":false,"template":"","format":"standard","meta":{"_joinchat":[],"footnotes":""},"categories":[18,1,2,3],"tags":[],"class_list":["post-33304","post","type-post","status-publish","format-standard","has-post-thumbnail","hentry","category-almomento","category-boletin","category-estado","category-health"],"_links":{"self":[{"href":"https:\/\/icoinformativo.mx\/home\/index.php?rest_route=\/wp\/v2\/posts\/33304","targetHints":{"allow":["GET"]}}],"collection":[{"href":"https:\/\/icoinformativo.mx\/home\/index.php?rest_route=\/wp\/v2\/posts"}],"about":[{"href":"https:\/\/icoinformativo.mx\/home\/index.php?rest_route=\/wp\/v2\/types\/post"}],"author":[{"embeddable":true,"href":"https:\/\/icoinformativo.mx\/home\/index.php?rest_route=\/wp\/v2\/users\/2"}],"replies":[{"embeddable":true,"href":"https:\/\/icoinformativo.mx\/home\/index.php?rest_route=%2Fwp%2Fv2%2Fcomments&post=33304"}],"version-history":[{"count":1,"href":"https:\/\/icoinformativo.mx\/home\/index.php?rest_route=\/wp\/v2\/posts\/33304\/revisions"}],"predecessor-version":[{"id":33306,"href":"https:\/\/icoinformativo.mx\/home\/index.php?rest_route=\/wp\/v2\/posts\/33304\/revisions\/33306"}],"wp:featuredmedia":[{"embeddable":true,"href":"https:\/\/icoinformativo.mx\/home\/index.php?rest_route=\/wp\/v2\/media\/33305"}],"wp:attachment":[{"href":"https:\/\/icoinformativo.mx\/home\/index.php?rest_route=%2Fwp%2Fv2%2Fmedia&parent=33304"}],"wp:term":[{"taxonomy":"category","embeddable":true,"href":"https:\/\/icoinformativo.mx\/home\/index.php?rest_route=%2Fwp%2Fv2%2Fcategories&post=33304"},{"taxonomy":"post_tag","embeddable":true,"href":"https:\/\/icoinformativo.mx\/home\/index.php?rest_route=%2Fwp%2Fv2%2Ftags&post=33304"}],"curies":[{"name":"wp","href":"https:\/\/api.w.org\/{rel}","templated":true}]}}