{"id":33301,"date":"2025-10-23T04:21:48","date_gmt":"2025-10-23T04:21:48","guid":{"rendered":"https:\/\/icoinformativo.mx\/home\/?p=33301"},"modified":"2025-10-23T04:21:48","modified_gmt":"2025-10-23T04:21:48","slug":"solosuchiapa-se-une-en-la-lucha-contra-el-cancer-de-mama","status":"publish","type":"post","link":"https:\/\/icoinformativo.mx\/home\/?p=33301","title":{"rendered":"Solosuchiapa se Une en la Lucha Contra el C\u00e1ncer de Mama"},"content":{"rendered":"<p>&nbsp;<\/p>\n<p>**Solosuchiapa, Chiapas \u2013** En conmemoraci\u00f3n del D\u00eda Internacional de la Lucha contra el C\u00e1ncer de Mama, el H. Ayuntamiento de Solosuchiapa, en coordinaci\u00f3n con el DIF Municipal y el Sector Salud, organiz\u00f3 un evento significativo que reuni\u00f3 a numerosas mujeres del municipio.<\/p>\n<p>La jornada incluy\u00f3 una emotiva caminata simb\u00f3lica, donde las participantes mostraron su apoyo a la causa y a quienes luchan contra esta enfermedad. Posteriormente, se ofreci\u00f3 una pl\u00e1tica informativa centrada en la importancia vital de la prevenci\u00f3n y la detecci\u00f3n temprana del c\u00e1ncer de mama. Expertos del Sector Salud compartieron informaci\u00f3n clave sobre c\u00f3mo realizar autoex\u00e1menes y cu\u00e1ndo buscar atenci\u00f3n m\u00e9dica.<\/p>\n<p>El evento destac\u00f3 el compromiso de la comunidad de Solosuchiapa con la salud de las mujeres y la importancia de crear conciencia sobre esta enfermedad que afecta a tantas personas en todo el mundo.<\/p>\n<p>El H. Ayuntamiento, el DIF Municipal y el Sector Salud agradecieron la entusiasta participaci\u00f3n y el compromiso de todas las mujeres que se unieron a esta importante causa.<\/p>\n","protected":false},"excerpt":{"rendered":"<p>&nbsp; **Solosuchiapa, Chiapas \u2013** En conmemoraci\u00f3n del D\u00eda Internacional de la Lucha contra el C\u00e1ncer&#8230;<\/p>\n","protected":false},"author":2,"featured_media":33302,"comment_status":"closed","ping_status":"closed","sticky":false,"template":"","format":"standard","meta":{"_joinchat":[],"footnotes":""},"categories":[18,1,2,3],"tags":[],"class_list":["post-33301","post","type-post","status-publish","format-standard","has-post-thumbnail","hentry","category-almomento","category-boletin","category-estado","category-health"],"_links":{"self":[{"href":"https:\/\/icoinformativo.mx\/home\/index.php?rest_route=\/wp\/v2\/posts\/33301","targetHints":{"allow":["GET"]}}],"collection":[{"href":"https:\/\/icoinformativo.mx\/home\/index.php?rest_route=\/wp\/v2\/posts"}],"about":[{"href":"https:\/\/icoinformativo.mx\/home\/index.php?rest_route=\/wp\/v2\/types\/post"}],"author":[{"embeddable":true,"href":"https:\/\/icoinformativo.mx\/home\/index.php?rest_route=\/wp\/v2\/users\/2"}],"replies":[{"embeddable":true,"href":"https:\/\/icoinformativo.mx\/home\/index.php?rest_route=%2Fwp%2Fv2%2Fcomments&post=33301"}],"version-history":[{"count":1,"href":"https:\/\/icoinformativo.mx\/home\/index.php?rest_route=\/wp\/v2\/posts\/33301\/revisions"}],"predecessor-version":[{"id":33303,"href":"https:\/\/icoinformativo.mx\/home\/index.php?rest_route=\/wp\/v2\/posts\/33301\/revisions\/33303"}],"wp:featuredmedia":[{"embeddable":true,"href":"https:\/\/icoinformativo.mx\/home\/index.php?rest_route=\/wp\/v2\/media\/33302"}],"wp:attachment":[{"href":"https:\/\/icoinformativo.mx\/home\/index.php?rest_route=%2Fwp%2Fv2%2Fmedia&parent=33301"}],"wp:term":[{"taxonomy":"category","embeddable":true,"href":"https:\/\/icoinformativo.mx\/home\/index.php?rest_route=%2Fwp%2Fv2%2Fcategories&post=33301"},{"taxonomy":"post_tag","embeddable":true,"href":"https:\/\/icoinformativo.mx\/home\/index.php?rest_route=%2Fwp%2Fv2%2Ftags&post=33301"}],"curies":[{"name":"wp","href":"https:\/\/api.w.org\/{rel}","templated":true}]}}