{"id":33281,"date":"2025-09-30T00:59:56","date_gmt":"2025-09-30T00:59:56","guid":{"rendered":"https:\/\/icoinformativo.mx\/home\/?p=33281"},"modified":"2025-09-30T00:59:56","modified_gmt":"2025-09-30T00:59:56","slug":"ixtacomitan-refuerza-la-seguridad-escolar-con-nueva-infraestructura-en-la-primaria-cesar-augusto-lara-ramos","status":"publish","type":"post","link":"https:\/\/icoinformativo.mx\/home\/?p=33281","title":{"rendered":"**Ixtacomit\u00e1n refuerza la seguridad escolar con nueva infraestructura en la primaria \u00abC\u00e9sar Augusto Lara Ramos\u00bb**"},"content":{"rendered":"<p>&nbsp;<\/p>\n<p>**Ixtacomit\u00e1n, Chiapas \u2013** El presidente municipal, Miguel \u00c1ngel Moreno Palacios, inaugur\u00f3 esta ma\u00f1ana una importante obra de infraestructura en la escuela primaria \u00abC\u00e9sar Augusto Lara Ramos\u00bb, acompa\u00f1ado de su esposa, Blanca Estrada, miembros del cabildo, funcionarios, padres de familia, personal docente y alumnos.<\/p>\n<p>La obra, recibida con entusiasmo por la comunidad escolar, tiene como objetivo principal reforzar la seguridad de las instalaciones y proteger a los estudiantes. Moreno Palacios agradeci\u00f3 al gobernador Eduardo Ram\u00edrez por el apoyo brindado a la escuela, destacando la importancia de trabajar en conjunto para el bienestar de la ni\u00f1ez.<\/p>\n<p>El proyecto consisti\u00f3 en la construcci\u00f3n de:<\/p>\n<p>* 23 metros lineales de muro de contenci\u00f3n de mamposter\u00eda de 5 metros de altura.<br \/>\n* Sistema de drenaje pluvial con la construcci\u00f3n de 4 registros pluviales.<br \/>\n* Colocaci\u00f3n de 68 m\u00b2 de concreto armado con malla electrosoldada.<br \/>\n* Colocaci\u00f3n de 15 metros de guarnici\u00f3n.<br \/>\n* Construcci\u00f3n de banqueta estampada y pintada de 15 metros de longitud por 1.8 metros de ancho.<br \/>\n* Construcci\u00f3n de 15 metros de enmallado perimetral.<\/p>\n<p>\u00abCon estas acciones reforzamos la seguridad y funcionalidad de la escuela, beneficiando directamente a nuestras ni\u00f1as y ni\u00f1os\u00bb, afirm\u00f3 el edil Moreno Palacios. Esta inversi\u00f3n responde a la prioridad del gobierno municipal de garantizar entornos educativos seguros y adecuados para el desarrollo de los estudiantes de Ixtacomit\u00e1n.<\/p>\n<p>**#Ixtacomit\u00e1nAvanzaTodosLosD\u00edas #NuevaEraUnidadTrabajoYTransformaci\u00f3n #UnidadTrabajoYTransformacion #NuevaERA #HumanismoQueTransforma**<\/p>\n","protected":false},"excerpt":{"rendered":"<p>&nbsp; **Ixtacomit\u00e1n, Chiapas \u2013** El presidente municipal, Miguel \u00c1ngel Moreno Palacios, inaugur\u00f3 esta ma\u00f1ana una&#8230;<\/p>\n","protected":false},"author":2,"featured_media":33282,"comment_status":"closed","ping_status":"closed","sticky":false,"template":"","format":"standard","meta":{"_joinchat":[],"footnotes":""},"categories":[18,1,2,3],"tags":[],"class_list":["post-33281","post","type-post","status-publish","format-standard","has-post-thumbnail","hentry","category-almomento","category-boletin","category-estado","category-health"],"_links":{"self":[{"href":"https:\/\/icoinformativo.mx\/home\/index.php?rest_route=\/wp\/v2\/posts\/33281","targetHints":{"allow":["GET"]}}],"collection":[{"href":"https:\/\/icoinformativo.mx\/home\/index.php?rest_route=\/wp\/v2\/posts"}],"about":[{"href":"https:\/\/icoinformativo.mx\/home\/index.php?rest_route=\/wp\/v2\/types\/post"}],"author":[{"embeddable":true,"href":"https:\/\/icoinformativo.mx\/home\/index.php?rest_route=\/wp\/v2\/users\/2"}],"replies":[{"embeddable":true,"href":"https:\/\/icoinformativo.mx\/home\/index.php?rest_route=%2Fwp%2Fv2%2Fcomments&post=33281"}],"version-history":[{"count":1,"href":"https:\/\/icoinformativo.mx\/home\/index.php?rest_route=\/wp\/v2\/posts\/33281\/revisions"}],"predecessor-version":[{"id":33283,"href":"https:\/\/icoinformativo.mx\/home\/index.php?rest_route=\/wp\/v2\/posts\/33281\/revisions\/33283"}],"wp:featuredmedia":[{"embeddable":true,"href":"https:\/\/icoinformativo.mx\/home\/index.php?rest_route=\/wp\/v2\/media\/33282"}],"wp:attachment":[{"href":"https:\/\/icoinformativo.mx\/home\/index.php?rest_route=%2Fwp%2Fv2%2Fmedia&parent=33281"}],"wp:term":[{"taxonomy":"category","embeddable":true,"href":"https:\/\/icoinformativo.mx\/home\/index.php?rest_route=%2Fwp%2Fv2%2Fcategories&post=33281"},{"taxonomy":"post_tag","embeddable":true,"href":"https:\/\/icoinformativo.mx\/home\/index.php?rest_route=%2Fwp%2Fv2%2Ftags&post=33281"}],"curies":[{"name":"wp","href":"https:\/\/api.w.org\/{rel}","templated":true}]}}