{"id":33274,"date":"2025-09-25T03:54:15","date_gmt":"2025-09-25T03:54:15","guid":{"rendered":"https:\/\/icoinformativo.mx\/home\/?p=33274"},"modified":"2025-09-25T03:54:15","modified_gmt":"2025-09-25T03:54:15","slug":"mesa-de-paz-refuerza-estrategias-de-seguridad-en-solosuchiapa","status":"publish","type":"post","link":"https:\/\/icoinformativo.mx\/home\/?p=33274","title":{"rendered":"**Mesa de Paz Refuerza Estrategias de Seguridad en Solosuchiapa**"},"content":{"rendered":"<p>&nbsp;<\/p>\n<p>Con el objetivo de fortalecer la seguridad y la paz social en la regi\u00f3n, se llev\u00f3 a cabo una Mesa de Paz en el municipio de Solosuchiapa, liderada por el alcalde Fernando Aparicio G\u00f3mez, con la participaci\u00f3n de autoridades de los tres niveles de gobierno.<\/p>\n<p>&nbsp;<\/p>\n<p>La reuni\u00f3n cont\u00f3 con la presencia de representantes de la delegaci\u00f3n de gobierno, presidentes municipales de la zona, el Fiscal General de la regi\u00f3n y miembros de diversas corporaciones policiacas.<\/p>\n<p>&nbsp;<\/p>\n<p>Durante el encuentro, se analizaron los desaf\u00edos de seguridad que enfrenta la zona y se establecieron acuerdos para trabajar de manera coordinada en la implementaci\u00f3n de estrategias de prevenci\u00f3n y respuesta.<\/p>\n<p>&nbsp;<\/p>\n<p>En consonancia con el compromiso del Gobernador del Estado y el Fiscal General del Estado, las autoridades reafirmaron su determinaci\u00f3n de priorizar la seguridad y el bienestar de los ciudadanos chiapanecos. Se impulsar\u00e1n acciones para fortalecer la prevenci\u00f3n del delito y garantizar una respuesta eficaz ante cualquier situaci\u00f3n que amenace la tranquilidad social.<\/p>\n<p>&nbsp;<\/p>\n<p>La Mesa de Paz se consolida como un espacio de di\u00e1logo y colaboraci\u00f3n interinstitucional, reafirmando el compromiso de construir un Chiapas m\u00e1s seguro y pr\u00f3spero para todos. #CeroImpunidad #queorgullosershuleco<\/p>\n","protected":false},"excerpt":{"rendered":"<p>&nbsp; Con el objetivo de fortalecer la seguridad y la paz social en la regi\u00f3n,&#8230;<\/p>\n","protected":false},"author":2,"featured_media":33275,"comment_status":"closed","ping_status":"closed","sticky":false,"template":"","format":"standard","meta":{"_joinchat":[],"footnotes":""},"categories":[18,1,2,3],"tags":[],"class_list":["post-33274","post","type-post","status-publish","format-standard","has-post-thumbnail","hentry","category-almomento","category-boletin","category-estado","category-health"],"_links":{"self":[{"href":"https:\/\/icoinformativo.mx\/home\/index.php?rest_route=\/wp\/v2\/posts\/33274","targetHints":{"allow":["GET"]}}],"collection":[{"href":"https:\/\/icoinformativo.mx\/home\/index.php?rest_route=\/wp\/v2\/posts"}],"about":[{"href":"https:\/\/icoinformativo.mx\/home\/index.php?rest_route=\/wp\/v2\/types\/post"}],"author":[{"embeddable":true,"href":"https:\/\/icoinformativo.mx\/home\/index.php?rest_route=\/wp\/v2\/users\/2"}],"replies":[{"embeddable":true,"href":"https:\/\/icoinformativo.mx\/home\/index.php?rest_route=%2Fwp%2Fv2%2Fcomments&post=33274"}],"version-history":[{"count":1,"href":"https:\/\/icoinformativo.mx\/home\/index.php?rest_route=\/wp\/v2\/posts\/33274\/revisions"}],"predecessor-version":[{"id":33276,"href":"https:\/\/icoinformativo.mx\/home\/index.php?rest_route=\/wp\/v2\/posts\/33274\/revisions\/33276"}],"wp:featuredmedia":[{"embeddable":true,"href":"https:\/\/icoinformativo.mx\/home\/index.php?rest_route=\/wp\/v2\/media\/33275"}],"wp:attachment":[{"href":"https:\/\/icoinformativo.mx\/home\/index.php?rest_route=%2Fwp%2Fv2%2Fmedia&parent=33274"}],"wp:term":[{"taxonomy":"category","embeddable":true,"href":"https:\/\/icoinformativo.mx\/home\/index.php?rest_route=%2Fwp%2Fv2%2Fcategories&post=33274"},{"taxonomy":"post_tag","embeddable":true,"href":"https:\/\/icoinformativo.mx\/home\/index.php?rest_route=%2Fwp%2Fv2%2Ftags&post=33274"}],"curies":[{"name":"wp","href":"https:\/\/api.w.org\/{rel}","templated":true}]}}