{"id":33271,"date":"2025-09-25T03:45:22","date_gmt":"2025-09-25T03:45:22","guid":{"rendered":"https:\/\/icoinformativo.mx\/home\/?p=33271"},"modified":"2025-09-25T03:45:22","modified_gmt":"2025-09-25T03:45:22","slug":"alcalde-de-solosuchiapa-prioriza-la-educacion-en-reunion-con-subsecretario-de-educacion","status":"publish","type":"post","link":"https:\/\/icoinformativo.mx\/home\/?p=33271","title":{"rendered":"**Alcalde de Solosuchiapa Prioriza la Educaci\u00f3n en Reuni\u00f3n con Subsecretario de Educaci\u00f3n**"},"content":{"rendered":"<p>&nbsp;<\/p>\n<p>**Solosuchiapa, Chiapas \u2013** El Ing. Fernando Aparicio G\u00f3mez, presidente municipal de Solosuchiapa, reafirm\u00f3 su compromiso con la educaci\u00f3n durante una reuni\u00f3n productiva con el Mtro. Alfredo Ram\u00edrez Guzm\u00e1n, Subsecretario de Educaci\u00f3n. El encuentro se centr\u00f3 en el an\u00e1lisis y la b\u00fasqueda de estrategias para fortalecer el sistema educativo en el municipio.<\/p>\n<p>&nbsp;<\/p>\n<p>Ambas autoridades destacaron la relevancia de la colaboraci\u00f3n continua para impactar positivamente a la comunidad estudiantil de Solosuchiapa. Se exploraron iniciativas conjuntas que impulsen la calidad de la ense\u00f1anza y promuevan el desarrollo integral de los alumnos.<\/p>\n<p>&nbsp;<\/p>\n<p>El alcalde Aparicio G\u00f3mez expres\u00f3 su determinaci\u00f3n de seguir trabajando de la mano con las autoridades educativas para garantizar que los j\u00f3venes de Solosuchiapa tengan acceso a una educaci\u00f3n de calidad que les permita alcanzar su m\u00e1ximo potencial.<\/p>\n<p>&nbsp;<\/p>\n","protected":false},"excerpt":{"rendered":"<p>&nbsp; **Solosuchiapa, Chiapas \u2013** El Ing. Fernando Aparicio G\u00f3mez, presidente municipal de Solosuchiapa, reafirm\u00f3 su&#8230;<\/p>\n","protected":false},"author":2,"featured_media":33272,"comment_status":"closed","ping_status":"closed","sticky":false,"template":"","format":"standard","meta":{"_joinchat":[],"footnotes":""},"categories":[1,2,3],"tags":[],"class_list":["post-33271","post","type-post","status-publish","format-standard","has-post-thumbnail","hentry","category-boletin","category-estado","category-health"],"_links":{"self":[{"href":"https:\/\/icoinformativo.mx\/home\/index.php?rest_route=\/wp\/v2\/posts\/33271","targetHints":{"allow":["GET"]}}],"collection":[{"href":"https:\/\/icoinformativo.mx\/home\/index.php?rest_route=\/wp\/v2\/posts"}],"about":[{"href":"https:\/\/icoinformativo.mx\/home\/index.php?rest_route=\/wp\/v2\/types\/post"}],"author":[{"embeddable":true,"href":"https:\/\/icoinformativo.mx\/home\/index.php?rest_route=\/wp\/v2\/users\/2"}],"replies":[{"embeddable":true,"href":"https:\/\/icoinformativo.mx\/home\/index.php?rest_route=%2Fwp%2Fv2%2Fcomments&post=33271"}],"version-history":[{"count":1,"href":"https:\/\/icoinformativo.mx\/home\/index.php?rest_route=\/wp\/v2\/posts\/33271\/revisions"}],"predecessor-version":[{"id":33273,"href":"https:\/\/icoinformativo.mx\/home\/index.php?rest_route=\/wp\/v2\/posts\/33271\/revisions\/33273"}],"wp:featuredmedia":[{"embeddable":true,"href":"https:\/\/icoinformativo.mx\/home\/index.php?rest_route=\/wp\/v2\/media\/33272"}],"wp:attachment":[{"href":"https:\/\/icoinformativo.mx\/home\/index.php?rest_route=%2Fwp%2Fv2%2Fmedia&parent=33271"}],"wp:term":[{"taxonomy":"category","embeddable":true,"href":"https:\/\/icoinformativo.mx\/home\/index.php?rest_route=%2Fwp%2Fv2%2Fcategories&post=33271"},{"taxonomy":"post_tag","embeddable":true,"href":"https:\/\/icoinformativo.mx\/home\/index.php?rest_route=%2Fwp%2Fv2%2Ftags&post=33271"}],"curies":[{"name":"wp","href":"https:\/\/api.w.org\/{rel}","templated":true}]}}