{"id":33265,"date":"2025-09-20T02:54:58","date_gmt":"2025-09-20T02:54:58","guid":{"rendered":"https:\/\/icoinformativo.mx\/home\/?p=33265"},"modified":"2025-09-20T02:54:58","modified_gmt":"2025-09-20T02:54:58","slug":"ixtacomitan-participa-en-el-segundo-simulacro-nacional-de-sismo","status":"publish","type":"post","link":"https:\/\/icoinformativo.mx\/home\/?p=33265","title":{"rendered":"Ixtacomit\u00e1n participa en el Segundo Simulacro Nacional de Sismo"},"content":{"rendered":"<p>\ud83d\udea8\ud83c\udf0e D\u00eda Nacional de la Protecci\u00f3n Civil \ud83c\udf0e\ud83d\udea8<\/p>\n<p>El d\u00eda de hoy, 19 de septiembre, en el marco del D\u00eda Nacional de la Protecci\u00f3n Civil, participamos en el 2\u00ba Simulacro Nacional con hip\u00f3tesis de sismo en nuestro municipio de Ixtacomit\u00e1n, Chiapas.<\/p>\n<p>La actividad se llev\u00f3 a cabo a las 12:00 hrs con la participaci\u00f3n de:<br \/>\n\u2705 Colegio de Bachilleres Plantel 56 Cobach Ixtacomit\u00e1n Chiapas con 304 alumnos y docentes.<br \/>\n\u2705 Escuela Secundaria Querido Moheno Tabares con 360 alumnos y docentes.<br \/>\n\u2705 Colegio Vicente Guerrero Colegio Vicente Guerrero &#8211; Ixtacomit\u00e1n (COVIGUE) con 105 alumnos y docentes.<br \/>\n\u2705 Mercado P\u00fablico con 10 personas.<\/p>\n<p>Durante el ejercicio se realizaron las acciones principales de:<br \/>\n\ud83d\udd39 Repliegue a zonas seguras.<br \/>\n\ud83d\udd39 Evacuaci\u00f3n de inmuebles.<br \/>\n\ud83d\udd39 Resguardo en puntos de reuni\u00f3n.<\/p>\n<p>Agradecemos a la Secretar\u00eda Municipal de Protecci\u00f3n Civil, Delegaci\u00f3n Regional VIII Norte, y a su equipo encabezado por Pablo Enrique Cruz M\u00e9ndez, junto con 7 elementos y una unidad ambulancia, por su compromiso en salvaguardar la seguridad de nuestra poblaci\u00f3n. \ud83d\udc4fProtecci\u00f3n Civil Ixtacomitan Chiapas Protecci\u00f3n Civil Chiapas<\/p>\n<p>La prevenci\u00f3n y la cultura de la protecci\u00f3n civil salvan vidas. Sigamos trabajando unidos por un municipio m\u00e1s seguro. \ud83d\udc9a<\/p>\n<p>Nueva Era Unidad Trabajo y Transformaci\u00f3n<br \/>\n#UnidadTrabajoYTransformacion<br \/>\n#NuevaERA<br \/>\n#HumanismoQueTransforma<\/p>\n","protected":false},"excerpt":{"rendered":"<p>\ud83d\udea8\ud83c\udf0e D\u00eda Nacional de la Protecci\u00f3n Civil \ud83c\udf0e\ud83d\udea8 El d\u00eda de hoy, 19 de septiembre,&#8230;<\/p>\n","protected":false},"author":2,"featured_media":33266,"comment_status":"closed","ping_status":"closed","sticky":false,"template":"","format":"standard","meta":{"_joinchat":[],"footnotes":""},"categories":[18,1,2,3],"tags":[],"class_list":["post-33265","post","type-post","status-publish","format-standard","has-post-thumbnail","hentry","category-almomento","category-boletin","category-estado","category-health"],"_links":{"self":[{"href":"https:\/\/icoinformativo.mx\/home\/index.php?rest_route=\/wp\/v2\/posts\/33265","targetHints":{"allow":["GET"]}}],"collection":[{"href":"https:\/\/icoinformativo.mx\/home\/index.php?rest_route=\/wp\/v2\/posts"}],"about":[{"href":"https:\/\/icoinformativo.mx\/home\/index.php?rest_route=\/wp\/v2\/types\/post"}],"author":[{"embeddable":true,"href":"https:\/\/icoinformativo.mx\/home\/index.php?rest_route=\/wp\/v2\/users\/2"}],"replies":[{"embeddable":true,"href":"https:\/\/icoinformativo.mx\/home\/index.php?rest_route=%2Fwp%2Fv2%2Fcomments&post=33265"}],"version-history":[{"count":1,"href":"https:\/\/icoinformativo.mx\/home\/index.php?rest_route=\/wp\/v2\/posts\/33265\/revisions"}],"predecessor-version":[{"id":33267,"href":"https:\/\/icoinformativo.mx\/home\/index.php?rest_route=\/wp\/v2\/posts\/33265\/revisions\/33267"}],"wp:featuredmedia":[{"embeddable":true,"href":"https:\/\/icoinformativo.mx\/home\/index.php?rest_route=\/wp\/v2\/media\/33266"}],"wp:attachment":[{"href":"https:\/\/icoinformativo.mx\/home\/index.php?rest_route=%2Fwp%2Fv2%2Fmedia&parent=33265"}],"wp:term":[{"taxonomy":"category","embeddable":true,"href":"https:\/\/icoinformativo.mx\/home\/index.php?rest_route=%2Fwp%2Fv2%2Fcategories&post=33265"},{"taxonomy":"post_tag","embeddable":true,"href":"https:\/\/icoinformativo.mx\/home\/index.php?rest_route=%2Fwp%2Fv2%2Ftags&post=33265"}],"curies":[{"name":"wp","href":"https:\/\/api.w.org\/{rel}","templated":true}]}}