{"id":33258,"date":"2025-09-12T02:05:11","date_gmt":"2025-09-12T02:05:11","guid":{"rendered":"https:\/\/icoinformativo.mx\/home\/?p=33258"},"modified":"2025-09-12T02:05:11","modified_gmt":"2025-09-12T02:05:11","slug":"vive-con-nosotros-las-fiestas-patrias-en-solosuchiapa","status":"publish","type":"post","link":"https:\/\/icoinformativo.mx\/home\/?p=33258","title":{"rendered":"**\u00a1Vive con nosotros las Fiestas Patrias en Solosuchiapa!**"},"content":{"rendered":"<p>&nbsp;<\/p>\n<p>El H. Ayuntamiento de Solosuchiapa, bajo la presidencia del Ing. Fernando Aparicio G\u00f3mez, extiende una cordial invitaci\u00f3n a toda la comunidad para participar en las festejos conmemorativos por la Independencia de M\u00e9xico. Estas celebraciones son una oportunidad para fortalecer nuestras tradiciones y sentir el orgullo nacional.<\/p>\n<p>La programaci\u00f3n oficial de las Fiestas Patrias incluye diversos eventos tradicionales y culturales que promover\u00e1n el esp\u00edritu patri\u00f3tico y la convivencia entre los habitantes del municipio. Se invita a toda la poblaci\u00f3n a acompa\u00f1arnos en cada una de las actividades y celebrar juntos la historia y el orgullo de ser mexicanos.<\/p>\n<p>\u00a1No te pierdas la oportunidad de vivir estas fiestas con alegr\u00eda y entusiasmo!<\/p>\n","protected":false},"excerpt":{"rendered":"<p>&nbsp; El H. Ayuntamiento de Solosuchiapa, bajo la presidencia del Ing. Fernando Aparicio G\u00f3mez, extiende&#8230;<\/p>\n","protected":false},"author":2,"featured_media":33259,"comment_status":"closed","ping_status":"closed","sticky":false,"template":"","format":"standard","meta":{"_joinchat":[],"footnotes":""},"categories":[18,1,2,3],"tags":[],"class_list":["post-33258","post","type-post","status-publish","format-standard","has-post-thumbnail","hentry","category-almomento","category-boletin","category-estado","category-health"],"_links":{"self":[{"href":"https:\/\/icoinformativo.mx\/home\/index.php?rest_route=\/wp\/v2\/posts\/33258","targetHints":{"allow":["GET"]}}],"collection":[{"href":"https:\/\/icoinformativo.mx\/home\/index.php?rest_route=\/wp\/v2\/posts"}],"about":[{"href":"https:\/\/icoinformativo.mx\/home\/index.php?rest_route=\/wp\/v2\/types\/post"}],"author":[{"embeddable":true,"href":"https:\/\/icoinformativo.mx\/home\/index.php?rest_route=\/wp\/v2\/users\/2"}],"replies":[{"embeddable":true,"href":"https:\/\/icoinformativo.mx\/home\/index.php?rest_route=%2Fwp%2Fv2%2Fcomments&post=33258"}],"version-history":[{"count":1,"href":"https:\/\/icoinformativo.mx\/home\/index.php?rest_route=\/wp\/v2\/posts\/33258\/revisions"}],"predecessor-version":[{"id":33260,"href":"https:\/\/icoinformativo.mx\/home\/index.php?rest_route=\/wp\/v2\/posts\/33258\/revisions\/33260"}],"wp:featuredmedia":[{"embeddable":true,"href":"https:\/\/icoinformativo.mx\/home\/index.php?rest_route=\/wp\/v2\/media\/33259"}],"wp:attachment":[{"href":"https:\/\/icoinformativo.mx\/home\/index.php?rest_route=%2Fwp%2Fv2%2Fmedia&parent=33258"}],"wp:term":[{"taxonomy":"category","embeddable":true,"href":"https:\/\/icoinformativo.mx\/home\/index.php?rest_route=%2Fwp%2Fv2%2Fcategories&post=33258"},{"taxonomy":"post_tag","embeddable":true,"href":"https:\/\/icoinformativo.mx\/home\/index.php?rest_route=%2Fwp%2Fv2%2Ftags&post=33258"}],"curies":[{"name":"wp","href":"https:\/\/api.w.org\/{rel}","templated":true}]}}