{"id":33252,"date":"2025-09-11T03:49:28","date_gmt":"2025-09-11T03:49:28","guid":{"rendered":"https:\/\/icoinformativo.mx\/home\/?p=33252"},"modified":"2025-09-11T03:49:28","modified_gmt":"2025-09-11T03:49:28","slug":"miguel-angel-moreno-palacios-da-banderazo-de-inicio-de-obra-en-la-localidad-la-otra-banda","status":"publish","type":"post","link":"https:\/\/icoinformativo.mx\/home\/?p=33252","title":{"rendered":"Miguel Angel Moreno Palacios da banderazo de inicio de obra en la localidad la Otra Banda"},"content":{"rendered":"<p>&nbsp;<\/p>\n<p>El presidente municipal Miguel \u00c1ngel Moreno Palacios acompa\u00f1ado de su cabildo as\u00ed como de funcionarios, personal docente y pobladores de esta localidad pudieron en marcha la construcci\u00f3n de techado de cancha.<\/p>\n<p>Ah\u00ed el alcalde, dijo que su gobierno le sigue cumpliendo con acciones concretas a su gente y con la educaci\u00f3n de las ni\u00f1as y ni\u00f1os.<\/p>\n<p>Ante los docentes y pobladores, el edil dio el banderazo de obra en la Escuela Primaria Juan de la Barrera Inzaurraga, de la localidad La Otra Banda.<\/p>\n<p>D\u00f3nde se va a ejecutar el techado de la cancha con estructura met\u00e1lica, cimentaci\u00f3n de zapatas aisladas, columnas de concreto armado y un sistema de semi-arco tridimensional, incluyendo:<\/p>\n<p>Techado con l\u00e1mina rectangular.<\/p>\n<p>Bajada de aguas pluviales.<\/p>\n<p>Colocaci\u00f3n de luminarias.<\/p>\n<p>Instalaci\u00f3n de porter\u00edas, tableros y aros profesionales.<\/p>\n<p>Construcci\u00f3n de muro de acometida y andador de concreto.<\/p>\n<p>Un asta bandera.<\/p>\n<p>Muro de contenci\u00f3n de mamposter\u00eda.<\/p>\n<p>Tratamiento del piso de la cancha con pulido y pintura .<\/p>\n<p>\u00abCon estas acciones, brindamos a los estudiantes un espacio seguro, digno y moderno, fomentando el deporte y la convivencia\u00bb.<\/p>\n<p>\u00a1La educaci\u00f3n y el deporte son pilares de la transformaci\u00f3n de Ixtacomit\u00e1n!<\/p>\n<p>#UnidadTrabajoYTransformacion<br \/>\n#NuevaERA<br \/>\n#HumanismoQueTransforma<\/p>\n","protected":false},"excerpt":{"rendered":"<p>&nbsp; El presidente municipal Miguel \u00c1ngel Moreno Palacios acompa\u00f1ado de su cabildo as\u00ed como de&#8230;<\/p>\n","protected":false},"author":2,"featured_media":33253,"comment_status":"closed","ping_status":"closed","sticky":false,"template":"","format":"standard","meta":{"_joinchat":[],"footnotes":""},"categories":[18,1,2,3],"tags":[],"class_list":["post-33252","post","type-post","status-publish","format-standard","has-post-thumbnail","hentry","category-almomento","category-boletin","category-estado","category-health"],"_links":{"self":[{"href":"https:\/\/icoinformativo.mx\/home\/index.php?rest_route=\/wp\/v2\/posts\/33252","targetHints":{"allow":["GET"]}}],"collection":[{"href":"https:\/\/icoinformativo.mx\/home\/index.php?rest_route=\/wp\/v2\/posts"}],"about":[{"href":"https:\/\/icoinformativo.mx\/home\/index.php?rest_route=\/wp\/v2\/types\/post"}],"author":[{"embeddable":true,"href":"https:\/\/icoinformativo.mx\/home\/index.php?rest_route=\/wp\/v2\/users\/2"}],"replies":[{"embeddable":true,"href":"https:\/\/icoinformativo.mx\/home\/index.php?rest_route=%2Fwp%2Fv2%2Fcomments&post=33252"}],"version-history":[{"count":1,"href":"https:\/\/icoinformativo.mx\/home\/index.php?rest_route=\/wp\/v2\/posts\/33252\/revisions"}],"predecessor-version":[{"id":33254,"href":"https:\/\/icoinformativo.mx\/home\/index.php?rest_route=\/wp\/v2\/posts\/33252\/revisions\/33254"}],"wp:featuredmedia":[{"embeddable":true,"href":"https:\/\/icoinformativo.mx\/home\/index.php?rest_route=\/wp\/v2\/media\/33253"}],"wp:attachment":[{"href":"https:\/\/icoinformativo.mx\/home\/index.php?rest_route=%2Fwp%2Fv2%2Fmedia&parent=33252"}],"wp:term":[{"taxonomy":"category","embeddable":true,"href":"https:\/\/icoinformativo.mx\/home\/index.php?rest_route=%2Fwp%2Fv2%2Fcategories&post=33252"},{"taxonomy":"post_tag","embeddable":true,"href":"https:\/\/icoinformativo.mx\/home\/index.php?rest_route=%2Fwp%2Fv2%2Ftags&post=33252"}],"curies":[{"name":"wp","href":"https:\/\/api.w.org\/{rel}","templated":true}]}}