{"id":33248,"date":"2025-09-09T03:29:15","date_gmt":"2025-09-09T03:29:15","guid":{"rendered":"https:\/\/icoinformativo.mx\/home\/?p=33248"},"modified":"2025-09-09T03:29:15","modified_gmt":"2025-09-09T03:29:15","slug":"ixtacomitan-se-une-por-el-medio-ambiente-con-jornada-de-reforestacion-en-la-unidad-deportiva","status":"publish","type":"post","link":"https:\/\/icoinformativo.mx\/home\/?p=33248","title":{"rendered":"**Ixtacomit\u00e1n se une por el medio ambiente con jornada de reforestaci\u00f3n en la unidad deportiva**"},"content":{"rendered":"<p>&nbsp;<\/p>\n<p>El Ayuntamiento de Ixtacomit\u00e1n, liderado por el alcalde Miguel Angel Moreno Palacios, en conjunto con la Oficial\u00eda Mayor, est\u00e1 llevando a cabo una importante jornada de reforestaci\u00f3n en la unidad deportiva del municipio.<\/p>\n<p>Esta iniciativa tiene como objetivo principal mejorar los espacios p\u00fablicos y contribuir activamente al cuidado del medio ambiente. Este tipo de actividades no solo embellecen el entorno, sino que tambi\u00e9n fomentan la conciencia ambiental entre los habitantes de Ixtacomit\u00e1n.<\/p>\n<p>Una excelente manera de combinar deporte y naturaleza, promoviendo un futuro m\u00e1s verde y saludable para todos.<\/p>\n<p>#Hazdeporte<br \/>\n#UnidadTrabajoyTransformacion<\/p>\n","protected":false},"excerpt":{"rendered":"<p>&nbsp; El Ayuntamiento de Ixtacomit\u00e1n, liderado por el alcalde Miguel Angel Moreno Palacios, en conjunto&#8230;<\/p>\n","protected":false},"author":2,"featured_media":33249,"comment_status":"closed","ping_status":"closed","sticky":false,"template":"","format":"standard","meta":{"_joinchat":[],"footnotes":""},"categories":[18,1,2,3],"tags":[],"class_list":["post-33248","post","type-post","status-publish","format-standard","has-post-thumbnail","hentry","category-almomento","category-boletin","category-estado","category-health"],"_links":{"self":[{"href":"https:\/\/icoinformativo.mx\/home\/index.php?rest_route=\/wp\/v2\/posts\/33248","targetHints":{"allow":["GET"]}}],"collection":[{"href":"https:\/\/icoinformativo.mx\/home\/index.php?rest_route=\/wp\/v2\/posts"}],"about":[{"href":"https:\/\/icoinformativo.mx\/home\/index.php?rest_route=\/wp\/v2\/types\/post"}],"author":[{"embeddable":true,"href":"https:\/\/icoinformativo.mx\/home\/index.php?rest_route=\/wp\/v2\/users\/2"}],"replies":[{"embeddable":true,"href":"https:\/\/icoinformativo.mx\/home\/index.php?rest_route=%2Fwp%2Fv2%2Fcomments&post=33248"}],"version-history":[{"count":1,"href":"https:\/\/icoinformativo.mx\/home\/index.php?rest_route=\/wp\/v2\/posts\/33248\/revisions"}],"predecessor-version":[{"id":33250,"href":"https:\/\/icoinformativo.mx\/home\/index.php?rest_route=\/wp\/v2\/posts\/33248\/revisions\/33250"}],"wp:featuredmedia":[{"embeddable":true,"href":"https:\/\/icoinformativo.mx\/home\/index.php?rest_route=\/wp\/v2\/media\/33249"}],"wp:attachment":[{"href":"https:\/\/icoinformativo.mx\/home\/index.php?rest_route=%2Fwp%2Fv2%2Fmedia&parent=33248"}],"wp:term":[{"taxonomy":"category","embeddable":true,"href":"https:\/\/icoinformativo.mx\/home\/index.php?rest_route=%2Fwp%2Fv2%2Fcategories&post=33248"},{"taxonomy":"post_tag","embeddable":true,"href":"https:\/\/icoinformativo.mx\/home\/index.php?rest_route=%2Fwp%2Fv2%2Ftags&post=33248"}],"curies":[{"name":"wp","href":"https:\/\/api.w.org\/{rel}","templated":true}]}}