{"id":33242,"date":"2025-09-09T03:22:43","date_gmt":"2025-09-09T03:22:43","guid":{"rendered":"https:\/\/icoinformativo.mx\/home\/?p=33242"},"modified":"2025-09-09T03:22:43","modified_gmt":"2025-09-09T03:22:43","slug":"celebremos-juntos-nuestras-fiestas-patrias-con-el-gran-jaripeo-del-pueblo-en-solosuchiapa","status":"publish","type":"post","link":"https:\/\/icoinformativo.mx\/home\/?p=33242","title":{"rendered":"**\u00a1Celebremos juntos nuestras Fiestas Patrias con el Gran Jaripeo del Pueblo en Solosuchiapa!"},"content":{"rendered":"<p>El H. Ayuntamiento Municipal de Solosuchiapa, presidido por Fernando Aparicio G\u00f3mez, extiende una cordial invitaci\u00f3n a todos los ciudadanos a unirse a la celebraci\u00f3n de las Fiestas Patrias con el tradicional Gran Jaripeo del Pueblo. El evento se llevar\u00e1 a cabo el domingo 14 de septiembre a las 12:00 p.m. en los Corrales de la Ganadera.<\/p>\n<p>&nbsp;<\/p>\n<p>Este evento totalmente gratuito promete una tarde llena de emoci\u00f3n, tradici\u00f3n y orgullo mexicano. Asiste con tu familia y amigos para disfrutar de un ambiente festivo, la adrenalina del jaripeo y la pasi\u00f3n de la gente de Solosuchiapa. \u00a1Celebremos con el coraz\u00f3n nuestras tradiciones! \ud83c\uddf2\ud83c\uddfd<\/p>\n<p>&nbsp;<\/p>\n","protected":false},"excerpt":{"rendered":"<p>El H. Ayuntamiento Municipal de Solosuchiapa, presidido por Fernando Aparicio G\u00f3mez, extiende una cordial invitaci\u00f3n&#8230;<\/p>\n","protected":false},"author":2,"featured_media":33243,"comment_status":"closed","ping_status":"closed","sticky":false,"template":"","format":"standard","meta":{"_joinchat":[],"footnotes":""},"categories":[18,1,2,3],"tags":[],"class_list":["post-33242","post","type-post","status-publish","format-standard","has-post-thumbnail","hentry","category-almomento","category-boletin","category-estado","category-health"],"_links":{"self":[{"href":"https:\/\/icoinformativo.mx\/home\/index.php?rest_route=\/wp\/v2\/posts\/33242","targetHints":{"allow":["GET"]}}],"collection":[{"href":"https:\/\/icoinformativo.mx\/home\/index.php?rest_route=\/wp\/v2\/posts"}],"about":[{"href":"https:\/\/icoinformativo.mx\/home\/index.php?rest_route=\/wp\/v2\/types\/post"}],"author":[{"embeddable":true,"href":"https:\/\/icoinformativo.mx\/home\/index.php?rest_route=\/wp\/v2\/users\/2"}],"replies":[{"embeddable":true,"href":"https:\/\/icoinformativo.mx\/home\/index.php?rest_route=%2Fwp%2Fv2%2Fcomments&post=33242"}],"version-history":[{"count":1,"href":"https:\/\/icoinformativo.mx\/home\/index.php?rest_route=\/wp\/v2\/posts\/33242\/revisions"}],"predecessor-version":[{"id":33244,"href":"https:\/\/icoinformativo.mx\/home\/index.php?rest_route=\/wp\/v2\/posts\/33242\/revisions\/33244"}],"wp:featuredmedia":[{"embeddable":true,"href":"https:\/\/icoinformativo.mx\/home\/index.php?rest_route=\/wp\/v2\/media\/33243"}],"wp:attachment":[{"href":"https:\/\/icoinformativo.mx\/home\/index.php?rest_route=%2Fwp%2Fv2%2Fmedia&parent=33242"}],"wp:term":[{"taxonomy":"category","embeddable":true,"href":"https:\/\/icoinformativo.mx\/home\/index.php?rest_route=%2Fwp%2Fv2%2Fcategories&post=33242"},{"taxonomy":"post_tag","embeddable":true,"href":"https:\/\/icoinformativo.mx\/home\/index.php?rest_route=%2Fwp%2Fv2%2Ftags&post=33242"}],"curies":[{"name":"wp","href":"https:\/\/api.w.org\/{rel}","templated":true}]}}