{"id":33231,"date":"2025-08-30T03:22:41","date_gmt":"2025-08-30T03:22:41","guid":{"rendered":"https:\/\/icoinformativo.mx\/home\/?p=33231"},"modified":"2025-08-30T03:22:41","modified_gmt":"2025-08-30T03:22:41","slug":"participa-presidente-municipal-de-ixtacomitan-en-mesa-de-paz-y-seguridad-en-pichucalco","status":"publish","type":"post","link":"https:\/\/icoinformativo.mx\/home\/?p=33231","title":{"rendered":"Participa presidente municipal de Ixtacomit\u00e1n en mesa de Paz y seguridad en Pichucalco"},"content":{"rendered":"<p>&nbsp;<\/p>\n<p>Durante la mesa de Paz realizada en Pichucalco, el presidente municipal Miguel Angel Moreno Palacios agradeci\u00f3 al Fiscal del Estado, Maestro Jorge Luis Llaven Abarca, fiscal de distrito Rodolfo Alberto Ruiz Antonio a los subsecretarios Jorge Enrique Hern\u00e1ndez Bielma y Francisco Alvarez Sanen, as\u00ed como a su amigo Andres Carballo Cordova, presidente municipal de Pichucalco, por su anfitrionia y compromiso en la reuni\u00f3n.<\/p>\n<p>Destac\u00f3, que la coordinaci\u00f3n entre los tres \u00f3rdenes de gobierno es la clave para seguir garantizando seguridad, bienestar y confianza a nuestras familias.<\/p>\n<p>\u00abVamos a seguir trabajando con las diferentes instituciones de seguridad para con ello dar certeza y certidumbre a las familias de mi querido Ixtacomit\u00e1n\u00bb; se\u00f1al\u00f3.<\/p>\n<p>#UnidadTrabajoYTransformacion<br \/>\n#NuevaERA<br \/>\n#HumanismoQueTransforma<\/p>\n","protected":false},"excerpt":{"rendered":"<p>&nbsp; Durante la mesa de Paz realizada en Pichucalco, el presidente municipal Miguel Angel Moreno&#8230;<\/p>\n","protected":false},"author":2,"featured_media":33232,"comment_status":"closed","ping_status":"closed","sticky":false,"template":"","format":"standard","meta":{"_joinchat":[],"footnotes":""},"categories":[18,1,2,3],"tags":[],"class_list":["post-33231","post","type-post","status-publish","format-standard","has-post-thumbnail","hentry","category-almomento","category-boletin","category-estado","category-health"],"_links":{"self":[{"href":"https:\/\/icoinformativo.mx\/home\/index.php?rest_route=\/wp\/v2\/posts\/33231","targetHints":{"allow":["GET"]}}],"collection":[{"href":"https:\/\/icoinformativo.mx\/home\/index.php?rest_route=\/wp\/v2\/posts"}],"about":[{"href":"https:\/\/icoinformativo.mx\/home\/index.php?rest_route=\/wp\/v2\/types\/post"}],"author":[{"embeddable":true,"href":"https:\/\/icoinformativo.mx\/home\/index.php?rest_route=\/wp\/v2\/users\/2"}],"replies":[{"embeddable":true,"href":"https:\/\/icoinformativo.mx\/home\/index.php?rest_route=%2Fwp%2Fv2%2Fcomments&post=33231"}],"version-history":[{"count":1,"href":"https:\/\/icoinformativo.mx\/home\/index.php?rest_route=\/wp\/v2\/posts\/33231\/revisions"}],"predecessor-version":[{"id":33233,"href":"https:\/\/icoinformativo.mx\/home\/index.php?rest_route=\/wp\/v2\/posts\/33231\/revisions\/33233"}],"wp:featuredmedia":[{"embeddable":true,"href":"https:\/\/icoinformativo.mx\/home\/index.php?rest_route=\/wp\/v2\/media\/33232"}],"wp:attachment":[{"href":"https:\/\/icoinformativo.mx\/home\/index.php?rest_route=%2Fwp%2Fv2%2Fmedia&parent=33231"}],"wp:term":[{"taxonomy":"category","embeddable":true,"href":"https:\/\/icoinformativo.mx\/home\/index.php?rest_route=%2Fwp%2Fv2%2Fcategories&post=33231"},{"taxonomy":"post_tag","embeddable":true,"href":"https:\/\/icoinformativo.mx\/home\/index.php?rest_route=%2Fwp%2Fv2%2Ftags&post=33231"}],"curies":[{"name":"wp","href":"https:\/\/api.w.org\/{rel}","templated":true}]}}