{"id":33228,"date":"2025-08-30T03:15:15","date_gmt":"2025-08-30T03:15:15","guid":{"rendered":"https:\/\/icoinformativo.mx\/home\/?p=33228"},"modified":"2025-08-30T03:15:15","modified_gmt":"2025-08-30T03:15:15","slug":"el-presidente-municipal-de-solosuchiapa-fernando-aparicio-gomez-estuvo-presente-en-la-mesa-de-seguridad","status":"publish","type":"post","link":"https:\/\/icoinformativo.mx\/home\/?p=33228","title":{"rendered":"El Presidente Municipal de Solosuchiapa Fernando Aparicio G\u00f3mez estuvo presente en la Mesa de seguridad"},"content":{"rendered":"<p>En Pichucalco se realiz\u00f3 la Mesa de Paz Regional encabezada por el Fiscal General del Estado, Jorge Luis Llaven Abarca, con la presencia del presidente Fernando Aparicio y presidentes de la zona Norte.<\/p>\n<p>En la reuni\u00f3n se inform\u00f3 que los delitos han disminuido en la regi\u00f3n, lo que motiva a seguir reforzando las acciones de prevenci\u00f3n y coordinaci\u00f3n para garantizar la tranquilidad de las familias chiapanecas.<\/p>\n<p>#queorgullosershuleco<\/p>\n","protected":false},"excerpt":{"rendered":"<p>En Pichucalco se realiz\u00f3 la Mesa de Paz Regional encabezada por el Fiscal General del&#8230;<\/p>\n","protected":false},"author":2,"featured_media":33229,"comment_status":"closed","ping_status":"closed","sticky":false,"template":"","format":"standard","meta":{"_joinchat":[],"footnotes":""},"categories":[1,2,3],"tags":[],"class_list":["post-33228","post","type-post","status-publish","format-standard","has-post-thumbnail","hentry","category-boletin","category-estado","category-health"],"_links":{"self":[{"href":"https:\/\/icoinformativo.mx\/home\/index.php?rest_route=\/wp\/v2\/posts\/33228","targetHints":{"allow":["GET"]}}],"collection":[{"href":"https:\/\/icoinformativo.mx\/home\/index.php?rest_route=\/wp\/v2\/posts"}],"about":[{"href":"https:\/\/icoinformativo.mx\/home\/index.php?rest_route=\/wp\/v2\/types\/post"}],"author":[{"embeddable":true,"href":"https:\/\/icoinformativo.mx\/home\/index.php?rest_route=\/wp\/v2\/users\/2"}],"replies":[{"embeddable":true,"href":"https:\/\/icoinformativo.mx\/home\/index.php?rest_route=%2Fwp%2Fv2%2Fcomments&post=33228"}],"version-history":[{"count":1,"href":"https:\/\/icoinformativo.mx\/home\/index.php?rest_route=\/wp\/v2\/posts\/33228\/revisions"}],"predecessor-version":[{"id":33230,"href":"https:\/\/icoinformativo.mx\/home\/index.php?rest_route=\/wp\/v2\/posts\/33228\/revisions\/33230"}],"wp:featuredmedia":[{"embeddable":true,"href":"https:\/\/icoinformativo.mx\/home\/index.php?rest_route=\/wp\/v2\/media\/33229"}],"wp:attachment":[{"href":"https:\/\/icoinformativo.mx\/home\/index.php?rest_route=%2Fwp%2Fv2%2Fmedia&parent=33228"}],"wp:term":[{"taxonomy":"category","embeddable":true,"href":"https:\/\/icoinformativo.mx\/home\/index.php?rest_route=%2Fwp%2Fv2%2Fcategories&post=33228"},{"taxonomy":"post_tag","embeddable":true,"href":"https:\/\/icoinformativo.mx\/home\/index.php?rest_route=%2Fwp%2Fv2%2Ftags&post=33228"}],"curies":[{"name":"wp","href":"https:\/\/api.w.org\/{rel}","templated":true}]}}