{"id":33221,"date":"2025-08-28T04:03:38","date_gmt":"2025-08-28T04:03:38","guid":{"rendered":"https:\/\/icoinformativo.mx\/home\/?p=33221"},"modified":"2025-08-28T04:03:38","modified_gmt":"2025-08-28T04:03:38","slug":"ixtacomitan-autoridades-estatales-y-locales-inauguran-construccion-de-muro-en-jardin-de-ninos-y-ninas","status":"publish","type":"post","link":"https:\/\/icoinformativo.mx\/home\/?p=33221","title":{"rendered":"Ixtacomit\u00e1n: Autoridades estatales y locales inauguran construcci\u00f3n de muro en jard\u00edn de ni\u00f1os y ni\u00f1as"},"content":{"rendered":"<p>&nbsp;<\/p>\n<p>*La nueva ERA acciones que transforman el futuro<\/p>\n<p>El presidente Municipal de Ixtacomit\u00e1n Ing. Miguel Angel Moreno Palacios , junto al secretario de Protecci\u00f3n Civil del Estado Lic. Mauricio Cordero Rodr\u00edguez, llev\u00f3 a cabo la inauguraci\u00f3n de la reconstrucci\u00f3n del Muro, y techado que brinda estabilidad y soporte a las aulas y al \u00e1rea deportiva del Jard\u00edn de Ni\u00f1os y Ni\u00f1as \u00abRosario Castellanos Figueroa&#8217;, en el Barrio La Soledad.<\/p>\n<p>El alcalde, dio la bienvenida as\u00ed como de agradecer el apoyo del Gobernador as\u00ed como del secretario y poder llevar a cabo la construcci\u00f3n de esta importante obra que beneficiar\u00e1 a la poblaci\u00f3n estudiantil.<\/p>\n<p>\u00abGracias al gran apoyo del Gobernador Eduardo Ram\u00edrez, este logro refuerza el compromiso con la educaci\u00f3n y el bienestar de las familias de Ixtacomit\u00e1n\u00bb; destac\u00f3.<\/p>\n<p>\u00a1Seguimos construyendo un municipio fuerte y unido!<\/p>\n<p>#Miguel\u00c1ngelMorenoPalacios #CompromisoConLaNi\u00f1ez #TransformandoIxtacomit\u00e1n<br \/>\n#unidadtrabajoytransformacion<\/p>\n","protected":false},"excerpt":{"rendered":"<p>&nbsp; *La nueva ERA acciones que transforman el futuro El presidente Municipal de Ixtacomit\u00e1n Ing&#8230;.<\/p>\n","protected":false},"author":2,"featured_media":33222,"comment_status":"closed","ping_status":"closed","sticky":false,"template":"","format":"standard","meta":{"_joinchat":[],"footnotes":""},"categories":[18,1,2,3],"tags":[],"class_list":["post-33221","post","type-post","status-publish","format-standard","has-post-thumbnail","hentry","category-almomento","category-boletin","category-estado","category-health"],"_links":{"self":[{"href":"https:\/\/icoinformativo.mx\/home\/index.php?rest_route=\/wp\/v2\/posts\/33221","targetHints":{"allow":["GET"]}}],"collection":[{"href":"https:\/\/icoinformativo.mx\/home\/index.php?rest_route=\/wp\/v2\/posts"}],"about":[{"href":"https:\/\/icoinformativo.mx\/home\/index.php?rest_route=\/wp\/v2\/types\/post"}],"author":[{"embeddable":true,"href":"https:\/\/icoinformativo.mx\/home\/index.php?rest_route=\/wp\/v2\/users\/2"}],"replies":[{"embeddable":true,"href":"https:\/\/icoinformativo.mx\/home\/index.php?rest_route=%2Fwp%2Fv2%2Fcomments&post=33221"}],"version-history":[{"count":1,"href":"https:\/\/icoinformativo.mx\/home\/index.php?rest_route=\/wp\/v2\/posts\/33221\/revisions"}],"predecessor-version":[{"id":33223,"href":"https:\/\/icoinformativo.mx\/home\/index.php?rest_route=\/wp\/v2\/posts\/33221\/revisions\/33223"}],"wp:featuredmedia":[{"embeddable":true,"href":"https:\/\/icoinformativo.mx\/home\/index.php?rest_route=\/wp\/v2\/media\/33222"}],"wp:attachment":[{"href":"https:\/\/icoinformativo.mx\/home\/index.php?rest_route=%2Fwp%2Fv2%2Fmedia&parent=33221"}],"wp:term":[{"taxonomy":"category","embeddable":true,"href":"https:\/\/icoinformativo.mx\/home\/index.php?rest_route=%2Fwp%2Fv2%2Fcategories&post=33221"},{"taxonomy":"post_tag","embeddable":true,"href":"https:\/\/icoinformativo.mx\/home\/index.php?rest_route=%2Fwp%2Fv2%2Ftags&post=33221"}],"curies":[{"name":"wp","href":"https:\/\/api.w.org\/{rel}","templated":true}]}}