{"id":33217,"date":"2025-08-26T03:19:25","date_gmt":"2025-08-26T03:19:25","guid":{"rendered":"https:\/\/icoinformativo.mx\/home\/?p=33217"},"modified":"2025-08-26T03:19:25","modified_gmt":"2025-08-26T03:19:25","slug":"autoridades-de-ixtacomitan-inician-construccion-de-domo-en-la-colonia-luis-donaldo-colosio","status":"publish","type":"post","link":"https:\/\/icoinformativo.mx\/home\/?p=33217","title":{"rendered":"Autoridades de Ixtacomit\u00e1n Inician Construcci\u00f3n de Domo en la Colonia Luis Donaldo Colosio**"},"content":{"rendered":"<p>&nbsp;<\/p>\n<p>En un acto que refuerza el compromiso con el bienestar de la comunidad, el alcalde de Ixtacomit\u00e1n, Miguel \u00c1ngel Moreno Palacios, encabez\u00f3 oficialmente el inicio de la construcci\u00f3n de un domo en la colonia Luis Donaldo Colosio. La ceremonia cont\u00f3 con la presencia de la presidenta del DIF municipal, Blanca Estrada, y regidores del ayuntamiento.<\/p>\n<p>Las autoridades fueron cordialmente recibida en el lugar, donde los pobladores expresaron su entusiasmo y expectativa por esta importante obra, que beneficiar\u00e1 a ni\u00f1os, j\u00f3venes y adultos de la zona. El alcalde Moreno Palacios destac\u00f3 que este espacio ser\u00e1 fundamental para actividades c\u00edvicas, deportivas, culturales y sociales, brindando un lugar seguro y digno para la convivencia y el desarrollo de la comunidad.<\/p>\n<p>\u201cEste espacio ser\u00e1 de gran beneficio para las actividades c\u00edvicas, deportivas, culturales y sociales, brindando un lugar digno y seguro a nuestra comunidad. Seguimos trabajando con compromiso para que cada obra represente bienestar y progreso para las familias de Ixtacomit\u00e1n\u201d, afirm\u00f3 el mandatario.<\/p>\n<p>Con esta iniciativa, el gobierno municipal reafirma su compromiso de impulsar el crecimiento y la uni\u00f3n en Ixtacomit\u00e1n, promoviendo espacios que fortalezcan la convivencia social y el desarrollo integral de sus habitantes.<\/p>\n<p>&#8212;<\/p>\n","protected":false},"excerpt":{"rendered":"<p>&nbsp; En un acto que refuerza el compromiso con el bienestar de la comunidad, el&#8230;<\/p>\n","protected":false},"author":2,"featured_media":33218,"comment_status":"closed","ping_status":"closed","sticky":false,"template":"","format":"standard","meta":{"_joinchat":[],"footnotes":""},"categories":[18,1,2,3],"tags":[],"class_list":["post-33217","post","type-post","status-publish","format-standard","has-post-thumbnail","hentry","category-almomento","category-boletin","category-estado","category-health"],"_links":{"self":[{"href":"https:\/\/icoinformativo.mx\/home\/index.php?rest_route=\/wp\/v2\/posts\/33217","targetHints":{"allow":["GET"]}}],"collection":[{"href":"https:\/\/icoinformativo.mx\/home\/index.php?rest_route=\/wp\/v2\/posts"}],"about":[{"href":"https:\/\/icoinformativo.mx\/home\/index.php?rest_route=\/wp\/v2\/types\/post"}],"author":[{"embeddable":true,"href":"https:\/\/icoinformativo.mx\/home\/index.php?rest_route=\/wp\/v2\/users\/2"}],"replies":[{"embeddable":true,"href":"https:\/\/icoinformativo.mx\/home\/index.php?rest_route=%2Fwp%2Fv2%2Fcomments&post=33217"}],"version-history":[{"count":1,"href":"https:\/\/icoinformativo.mx\/home\/index.php?rest_route=\/wp\/v2\/posts\/33217\/revisions"}],"predecessor-version":[{"id":33219,"href":"https:\/\/icoinformativo.mx\/home\/index.php?rest_route=\/wp\/v2\/posts\/33217\/revisions\/33219"}],"wp:featuredmedia":[{"embeddable":true,"href":"https:\/\/icoinformativo.mx\/home\/index.php?rest_route=\/wp\/v2\/media\/33218"}],"wp:attachment":[{"href":"https:\/\/icoinformativo.mx\/home\/index.php?rest_route=%2Fwp%2Fv2%2Fmedia&parent=33217"}],"wp:term":[{"taxonomy":"category","embeddable":true,"href":"https:\/\/icoinformativo.mx\/home\/index.php?rest_route=%2Fwp%2Fv2%2Fcategories&post=33217"},{"taxonomy":"post_tag","embeddable":true,"href":"https:\/\/icoinformativo.mx\/home\/index.php?rest_route=%2Fwp%2Fv2%2Ftags&post=33217"}],"curies":[{"name":"wp","href":"https:\/\/api.w.org\/{rel}","templated":true}]}}