{"id":33190,"date":"2025-08-12T03:12:18","date_gmt":"2025-08-12T03:12:18","guid":{"rendered":"https:\/\/icoinformativo.mx\/home\/?p=33190"},"modified":"2025-08-12T03:12:18","modified_gmt":"2025-08-12T03:12:18","slug":"dif-municipal-de-ixtacomitan-brilla-en-las-olimpiadas-culturales-y-deportivas-de-oro-2025","status":"publish","type":"post","link":"https:\/\/icoinformativo.mx\/home\/?p=33190","title":{"rendered":"DIF Municipal de Ixtacomit\u00e1n brilla en las Olimpiadas Culturales y Deportivas de Oro 2025."},"content":{"rendered":"<p>&nbsp;<\/p>\n<p>El DIF Municipal de Ixtacomit\u00e1n, que preside la Mtra. Blanca Olivia Estrada Rueda, tuvo una participaci\u00f3n destacada en las Olimpiadas Culturales y Deportivas de Oro 2025, evento organizado por el DIF Chiapas, en la Capital Tuxtla Guti\u00e9rrez, para celebrar el talento, la energ\u00eda y el esp\u00edritu de las personas mayores del estado.<\/p>\n<p>En este sentido, se vivi\u00f3 una jornada llena de entusiasmo, energ\u00eda y profundo esp\u00edritu de participaci\u00f3n, donde mujeres y hombres mayores provenientes de distintas regiones de Chiapas dieron lo mejor de s\u00ed en disciplinas como cachibol, atletismo y canto.<\/p>\n<p>La representaci\u00f3n de Ixtacomit\u00e1n, integrada por los abuelitos de la Casa DIA, conquist\u00f3 el coraz\u00f3n del p\u00fablico y se llev\u00f3 importantes reconocimientos: segundo lugar en canto; donde participaron de manera grupal con la canci\u00f3n que da identidad a la tierra del poas\u00e1n: Ixtacomit\u00e1n, y tercer lugar en cachibol. Estos logros son reflejo de su disciplina, esfuerzo y entusiasmo, as\u00ed como del compromiso del DIF Municipal por impulsar actividades que fortalezcan la salud f\u00edsica y emocional de las personas mayores.<\/p>\n<p>M\u00e1s all\u00e1 de la competencia, estas Olimpiadas se consolidaron como un espacio de convivencia y dignificaci\u00f3n, donde se visibiliza el valioso legado, la experiencia y la participaci\u00f3n activa de los adultos mayores en la vida social.<\/p>\n<p>Con acciones como esta, el DIF Chiapas reafirma su vocaci\u00f3n humanista al promover el bienestar integral, la inclusi\u00f3n y el derecho de las personas mayores a vivir esta etapa de la vida con plenitud, respeto y alegr\u00eda.<\/p>\n<p>La Presidenta del DIF Municipal, Blanca Estrada, felicit\u00f3 a cada uno de los participantes por su compromiso y por dejar en alto el nombre de Ixtacomit\u00e1n, reiterando que \u201csu ejemplo y perseverancia nos inspiran a seguir construyendo espacios de participaci\u00f3n activa para nuestros adultos mayores\u201d.<\/p>\n","protected":false},"excerpt":{"rendered":"<p>&nbsp; El DIF Municipal de Ixtacomit\u00e1n, que preside la Mtra. Blanca Olivia Estrada Rueda, tuvo&#8230;<\/p>\n","protected":false},"author":2,"featured_media":33191,"comment_status":"closed","ping_status":"closed","sticky":false,"template":"","format":"standard","meta":{"_joinchat":[],"footnotes":""},"categories":[18,1,2,3],"tags":[],"class_list":["post-33190","post","type-post","status-publish","format-standard","has-post-thumbnail","hentry","category-almomento","category-boletin","category-estado","category-health"],"_links":{"self":[{"href":"https:\/\/icoinformativo.mx\/home\/index.php?rest_route=\/wp\/v2\/posts\/33190","targetHints":{"allow":["GET"]}}],"collection":[{"href":"https:\/\/icoinformativo.mx\/home\/index.php?rest_route=\/wp\/v2\/posts"}],"about":[{"href":"https:\/\/icoinformativo.mx\/home\/index.php?rest_route=\/wp\/v2\/types\/post"}],"author":[{"embeddable":true,"href":"https:\/\/icoinformativo.mx\/home\/index.php?rest_route=\/wp\/v2\/users\/2"}],"replies":[{"embeddable":true,"href":"https:\/\/icoinformativo.mx\/home\/index.php?rest_route=%2Fwp%2Fv2%2Fcomments&post=33190"}],"version-history":[{"count":1,"href":"https:\/\/icoinformativo.mx\/home\/index.php?rest_route=\/wp\/v2\/posts\/33190\/revisions"}],"predecessor-version":[{"id":33192,"href":"https:\/\/icoinformativo.mx\/home\/index.php?rest_route=\/wp\/v2\/posts\/33190\/revisions\/33192"}],"wp:featuredmedia":[{"embeddable":true,"href":"https:\/\/icoinformativo.mx\/home\/index.php?rest_route=\/wp\/v2\/media\/33191"}],"wp:attachment":[{"href":"https:\/\/icoinformativo.mx\/home\/index.php?rest_route=%2Fwp%2Fv2%2Fmedia&parent=33190"}],"wp:term":[{"taxonomy":"category","embeddable":true,"href":"https:\/\/icoinformativo.mx\/home\/index.php?rest_route=%2Fwp%2Fv2%2Fcategories&post=33190"},{"taxonomy":"post_tag","embeddable":true,"href":"https:\/\/icoinformativo.mx\/home\/index.php?rest_route=%2Fwp%2Fv2%2Ftags&post=33190"}],"curies":[{"name":"wp","href":"https:\/\/api.w.org\/{rel}","templated":true}]}}