{"id":33163,"date":"2025-08-01T23:34:29","date_gmt":"2025-08-01T23:34:29","guid":{"rendered":"https:\/\/icoinformativo.mx\/home\/?p=33163"},"modified":"2025-08-01T23:34:29","modified_gmt":"2025-08-01T23:34:29","slug":"ayuntamiento-y-dif-municipal-de-sunuapa-encabeza-evento-de-graduacion-en-el-ejido-san-pedro","status":"publish","type":"post","link":"https:\/\/icoinformativo.mx\/home\/?p=33163","title":{"rendered":"Ayuntamiento y DIF municipal de Sunuapa encabeza evento de graduaci\u00f3n en el ejido San Pedro"},"content":{"rendered":"<p>Sunuapa Chiapas, Julio del 2025.- El Ejido San Pedro se visti\u00f3 de gala para ver a sus estudiantes graduarse de los niveles Preescolar, primaria y Secundaria Comunitaria.<\/p>\n<p>&nbsp;<\/p>\n<p>La Lic. Flor de Mar\u00eda Bernal \u00c1lvarez, presidenta del DIF municipal de Sunuapa tuvo el honor de ser madrina de generaci\u00f3n 2019 &#8211; 2025 y 2022- 2025 de los alumnos egresados de los distintos niveles de educaci\u00f3n, desde preescolar, primaria y secundaria.<\/p>\n<p>&nbsp;<\/p>\n<p>Como invitados especiales se cont\u00f3 con la presencia del Lic. Fredi Ramirez Diaz presidente municipal de Sunuapa, el agente municipal del ejido San Pedro Sr. Antonio Hern\u00e1ndez, la comisariada ejidal Sra. Marlene Lopez Toledo, la Dra. Magnolia Ram\u00edrez Lujano, regidores Gaspar S\u00e1nchez S\u00e1nchez y Reinaldo Lujano, as\u00ed como representantes de instituciones educativas tanto locales y de sector.<\/p>\n<p>&nbsp;<\/p>\n<p>Durante el evento se vivieron momentos llenos de alegr\u00eda en sus vals de despedida rodeados de familiares y amigos. Adem\u00e1s, la comunidad reconoci\u00f3 el esfuerzo de los alumnos que culminan cada etapa de su formaci\u00f3n llena de aprendizajes, en la que no pudo faltar un reconocimiento especial al trabajo de los Docentes y padres de familia por la dedicaci\u00f3n que han puesto tanto en la organizaci\u00f3n de el evento, como a lo largo de estos a\u00f1os para alcanzar este logro.<\/p>\n<p>&nbsp;<\/p>\n<p>Antes de culminar el evento, la Lic. Flormaria Bernal dirigi\u00f3 un mensaje a los padres de familia y alumnos graduados.<\/p>\n<p>&nbsp;<\/p>\n<p>\u00abMe llena de satisfacci\u00f3n acompa\u00f1ar a las distintas generaciones en la clausura del ciclo escolar, PREESCOLAR, PRIMARIA y SECUNDARIA. Hoy celebramos un gran logro en la vida de nuestras ni\u00f1as, ni\u00f1os y jovenes.<\/p>\n<p>&nbsp;<\/p>\n<p>En esta graduaci\u00f3n podemos ver c\u00f3mo han crecido, aprendido y llenado nuestros corazones de alegr\u00eda. Cada sonrisa y cada paso que han dado nos llena de orgullo y emoci\u00f3n por todo lo que les espera.<\/p>\n<p>&nbsp;<\/p>\n<p>Es muy grato verlos realizados, y toda la sociedad nos sentimos orgullosos de ustedes, porque a pesar de las dificultades jam\u00e1s se rindieron hasta lograr su meta, sigan adelante, prepar\u00e1ndose, para un d\u00eda puedan poner su conocimiento al servicio de su comunidad.<\/p>\n<p>&nbsp;<\/p>\n<p>A nuestros queridos graduados: que este sea solo el comienzo de un camino lleno de descubrimientos, amistades y \u00e9xitos. Felicitaciones a todos y cada uno de ustedes\u00bb.<\/p>\n<p>&nbsp;<\/p>\n<p>Enhorabuena y muchas felicidades!<\/p>\n<p>&nbsp;<\/p>\n<p>#sunuapaenprogresoydesarrolloparatodos<\/p>\n<p>#difmunicipalsunuapa20242027<\/p>\n<p>#gobiernomunicipalsunuapa20242027<\/p>\n","protected":false},"excerpt":{"rendered":"<p>Sunuapa Chiapas, Julio del 2025.- El Ejido San Pedro se visti\u00f3 de gala para ver&#8230;<\/p>\n","protected":false},"author":2,"featured_media":33164,"comment_status":"closed","ping_status":"closed","sticky":false,"template":"","format":"standard","meta":{"_joinchat":[],"footnotes":""},"categories":[18,1,2,3],"tags":[],"class_list":["post-33163","post","type-post","status-publish","format-standard","has-post-thumbnail","hentry","category-almomento","category-boletin","category-estado","category-health"],"_links":{"self":[{"href":"https:\/\/icoinformativo.mx\/home\/index.php?rest_route=\/wp\/v2\/posts\/33163","targetHints":{"allow":["GET"]}}],"collection":[{"href":"https:\/\/icoinformativo.mx\/home\/index.php?rest_route=\/wp\/v2\/posts"}],"about":[{"href":"https:\/\/icoinformativo.mx\/home\/index.php?rest_route=\/wp\/v2\/types\/post"}],"author":[{"embeddable":true,"href":"https:\/\/icoinformativo.mx\/home\/index.php?rest_route=\/wp\/v2\/users\/2"}],"replies":[{"embeddable":true,"href":"https:\/\/icoinformativo.mx\/home\/index.php?rest_route=%2Fwp%2Fv2%2Fcomments&post=33163"}],"version-history":[{"count":1,"href":"https:\/\/icoinformativo.mx\/home\/index.php?rest_route=\/wp\/v2\/posts\/33163\/revisions"}],"predecessor-version":[{"id":33165,"href":"https:\/\/icoinformativo.mx\/home\/index.php?rest_route=\/wp\/v2\/posts\/33163\/revisions\/33165"}],"wp:featuredmedia":[{"embeddable":true,"href":"https:\/\/icoinformativo.mx\/home\/index.php?rest_route=\/wp\/v2\/media\/33164"}],"wp:attachment":[{"href":"https:\/\/icoinformativo.mx\/home\/index.php?rest_route=%2Fwp%2Fv2%2Fmedia&parent=33163"}],"wp:term":[{"taxonomy":"category","embeddable":true,"href":"https:\/\/icoinformativo.mx\/home\/index.php?rest_route=%2Fwp%2Fv2%2Fcategories&post=33163"},{"taxonomy":"post_tag","embeddable":true,"href":"https:\/\/icoinformativo.mx\/home\/index.php?rest_route=%2Fwp%2Fv2%2Ftags&post=33163"}],"curies":[{"name":"wp","href":"https:\/\/api.w.org\/{rel}","templated":true}]}}