{"id":33160,"date":"2025-08-01T23:29:20","date_gmt":"2025-08-01T23:29:20","guid":{"rendered":"https:\/\/icoinformativo.mx\/home\/?p=33160"},"modified":"2025-08-01T23:29:20","modified_gmt":"2025-08-01T23:29:20","slug":"el-presidente-municipal-de-sunuapa-lic-fredi-ramirez-diaz-encabeza-los-trabajos-de-bacheo-en-la-carretera-sunuapa-el-espejo","status":"publish","type":"post","link":"https:\/\/icoinformativo.mx\/home\/?p=33160","title":{"rendered":"El presidente municipal de Sunuapa Lic. Fredi Ramirez Diaz encabeza los trabajos de bacheo en la carretera Sunuapa- el espejo."},"content":{"rendered":"<p>&nbsp;<\/p>\n<p>Sunuapa Chiapas, Julio del 2025.-Continuando con los trabajos de mantenimiento a nuestras carreteras, el Gobierno Municipal Sunuapa 2024 &#8211; 2027 suma esfuerzos para llevar a cabo el bacheo con concreto hidr\u00e1ulico en tramos aislados, as\u00ed como la limpieza de cuentas de la carretera Sunuapa- el espejo, una de las v\u00edas m\u00e1s transitadas, fundamental para la movilidad de los habitantes, visitantes y comerciantes, tanto de nuestro municipio, as\u00ed como de municipios vecinos.<\/p>\n<p>&nbsp;<\/p>\n<p>Est\u00e1s labores son resultado de una administraci\u00f3n preocupada por resolver las problem\u00e1ticas que enfrenta esta carretera, que desde hace algunos a\u00f1os sufre el deterioro en su infraestructura y se suma a los esfuerzos que se han venido realizando desde el primer d\u00eda de gobierno en la rehabilitaci\u00f3n, mantenimiento y limpieza de caminos y carreteras del municipio.<\/p>\n<p>&nbsp;<\/p>\n<p>El presidente municipal Fredi Ram\u00edrez D\u00edaz reafirma su compromiso de trabajar para tener carreteras m\u00e1s dignas y que estas sean seguras y que no pongan en riesgo la integridad de quienes las transitan y sus veh\u00edculos.<\/p>\n<p>&nbsp;<\/p>\n<p>\u00bbSomos un gobierno de territorio y no de escritorio, nuestro compromiso es trabajar en dar resultados en beneficio de nuestra gente\u2019\u2019.<\/p>\n<p>&nbsp;<\/p>\n<p>Estos trabajos se realizan de manera conjunta con la direcci\u00f3n de obras p\u00fablicas municipal, y forman parte del programa de mantenimiento a caminos y carreteras.<\/p>\n<p>&nbsp;<\/p>\n<p>#sunuapaenprogresoydesarrolloparatodos<\/p>\n<p>#gobiernomunicipalsunuapa20242027<\/p>\n","protected":false},"excerpt":{"rendered":"<p>&nbsp; Sunuapa Chiapas, Julio del 2025.-Continuando con los trabajos de mantenimiento a nuestras carreteras, el&#8230;<\/p>\n","protected":false},"author":2,"featured_media":33161,"comment_status":"closed","ping_status":"closed","sticky":false,"template":"","format":"standard","meta":{"_joinchat":[],"footnotes":""},"categories":[1],"tags":[],"class_list":["post-33160","post","type-post","status-publish","format-standard","has-post-thumbnail","hentry","category-boletin"],"_links":{"self":[{"href":"https:\/\/icoinformativo.mx\/home\/index.php?rest_route=\/wp\/v2\/posts\/33160","targetHints":{"allow":["GET"]}}],"collection":[{"href":"https:\/\/icoinformativo.mx\/home\/index.php?rest_route=\/wp\/v2\/posts"}],"about":[{"href":"https:\/\/icoinformativo.mx\/home\/index.php?rest_route=\/wp\/v2\/types\/post"}],"author":[{"embeddable":true,"href":"https:\/\/icoinformativo.mx\/home\/index.php?rest_route=\/wp\/v2\/users\/2"}],"replies":[{"embeddable":true,"href":"https:\/\/icoinformativo.mx\/home\/index.php?rest_route=%2Fwp%2Fv2%2Fcomments&post=33160"}],"version-history":[{"count":1,"href":"https:\/\/icoinformativo.mx\/home\/index.php?rest_route=\/wp\/v2\/posts\/33160\/revisions"}],"predecessor-version":[{"id":33162,"href":"https:\/\/icoinformativo.mx\/home\/index.php?rest_route=\/wp\/v2\/posts\/33160\/revisions\/33162"}],"wp:featuredmedia":[{"embeddable":true,"href":"https:\/\/icoinformativo.mx\/home\/index.php?rest_route=\/wp\/v2\/media\/33161"}],"wp:attachment":[{"href":"https:\/\/icoinformativo.mx\/home\/index.php?rest_route=%2Fwp%2Fv2%2Fmedia&parent=33160"}],"wp:term":[{"taxonomy":"category","embeddable":true,"href":"https:\/\/icoinformativo.mx\/home\/index.php?rest_route=%2Fwp%2Fv2%2Fcategories&post=33160"},{"taxonomy":"post_tag","embeddable":true,"href":"https:\/\/icoinformativo.mx\/home\/index.php?rest_route=%2Fwp%2Fv2%2Ftags&post=33160"}],"curies":[{"name":"wp","href":"https:\/\/api.w.org\/{rel}","templated":true}]}}